{"id":3858,"date":"2023-03-13T10:55:43","date_gmt":"2023-03-13T10:55:43","guid":{"rendered":"https:\/\/cpcorella.educacion.navarra.es\/blogs\/tercero\/?p=3858"},"modified":"2023-03-13T10:55:52","modified_gmt":"2023-03-13T10:55:52","slug":"lunes-13-de-marzo","status":"publish","type":"post","link":"https:\/\/cpcorella.educacion.navarra.es\/blogs\/tercero\/2023\/03\/13\/lunes-13-de-marzo\/","title":{"rendered":"Lunes 13 de marzo"},"content":{"rendered":"\n<p><strong>Sesi\u00f3n 1<\/strong><\/p>\n\n\n\n<p>Examen comprensi\u00f3n lectora.<\/p>\n\n\n\n<p><strong>Sesi\u00f3n 2<\/strong><\/p>\n\n\n\n<p>Corregir tarea. ejercicios de la \u00abh\u00bb.<\/p>\n\n\n\n<p>EDUBOOK: P\u00e1gina 128 y 129. El di\u00e1logo y las acotaciones.<\/p>\n\n\n\n<p><strong>Sesi\u00f3n 3<\/strong><\/p>\n\n\n\n<p>Repaso de Sociales Tema 4. Esquema de los puntos m\u00e1s importantes en el cuaderno.<\/p>\n\n\n\n<p><a href=\"https:\/\/es.liveworksheets.com\/ta1389778xb\">Ficha CCAA<\/a><\/p>\n\n\n\n<p><strong>Tarea: <\/strong>estudiar el tema 4 de sociales.<\/p>\n","protected":false},"excerpt":{"rendered":"<p>Sesi\u00f3n 1 Examen comprensi\u00f3n lectora. Sesi\u00f3n 2 Corregir tarea. ejercicios de la \u00abh\u00bb. EDUBOOK: P\u00e1gina 128 y 129. El di\u00e1logo y las acotaciones. Sesi\u00f3n 3 Repaso de Sociales Tema 4. Esquema de los puntos m\u00e1s importantes en el cuaderno. Ficha &hellip; <a href=\"https:\/\/cpcorella.educacion.navarra.es\/blogs\/tercero\/2023\/03\/13\/lunes-13-de-marzo\/\">Sigue leyendo <span class=\"meta-nav\">&rarr;<\/span><\/a><\/p>\n","protected":false},"author":74,"featured_media":0,"comment_status":"closed","ping_status":"closed","sticky":false,"template":"","format":"standard","meta":[],"categories":[27],"tags":[],"_links":{"self":[{"href":"https:\/\/cpcorella.educacion.navarra.es\/blogs\/tercero\/wp-json\/wp\/v2\/posts\/3858"}],"collection":[{"href":"https:\/\/cpcorella.educacion.navarra.es\/blogs\/tercero\/wp-json\/wp\/v2\/posts"}],"about":[{"href":"https:\/\/cpcorella.educacion.navarra.es\/blogs\/tercero\/wp-json\/wp\/v2\/types\/post"}],"author":[{"embeddable":true,"href":"https:\/\/cpcorella.educacion.navarra.es\/blogs\/tercero\/wp-json\/wp\/v2\/users\/74"}],"replies":[{"embeddable":true,"href":"https:\/\/cpcorella.educacion.navarra.es\/blogs\/tercero\/wp-json\/wp\/v2\/comments?post=3858"}],"version-history":[{"count":1,"href":"https:\/\/cpcorella.educacion.navarra.es\/blogs\/tercero\/wp-json\/wp\/v2\/posts\/3858\/revisions"}],"predecessor-version":[{"id":3859,"href":"https:\/\/cpcorella.educacion.navarra.es\/blogs\/tercero\/wp-json\/wp\/v2\/posts\/3858\/revisions\/3859"}],"wp:attachment":[{"href":"https:\/\/cpcorella.educacion.navarra.es\/blogs\/tercero\/wp-json\/wp\/v2\/media?parent=3858"}],"wp:term":[{"taxonomy":"category","embeddable":true,"href":"https:\/\/cpcorella.educacion.navarra.es\/blogs\/tercero\/wp-json\/wp\/v2\/categories?post=3858"},{"taxonomy":"post_tag","embeddable":true,"href":"https:\/\/cpcorella.educacion.navarra.es\/blogs\/tercero\/wp-json\/wp\/v2\/tags?post=3858"}],"curies":[{"name":"wp","href":"https:\/\/api.w.org\/{rel}","templated":true}]}}