{"id":3854,"date":"2023-03-10T11:38:10","date_gmt":"2023-03-10T11:38:10","guid":{"rendered":"https:\/\/cpcorella.educacion.navarra.es\/blogs\/tercero\/?p=3854"},"modified":"2023-03-10T12:50:20","modified_gmt":"2023-03-10T12:50:20","slug":"viernes-10-de-marzo","status":"publish","type":"post","link":"https:\/\/cpcorella.educacion.navarra.es\/blogs\/tercero\/2023\/03\/10\/viernes-10-de-marzo\/","title":{"rendered":"Viernes 10 de marzo"},"content":{"rendered":"\n<p><strong>Sesi\u00f3n 1<\/strong><\/p>\n\n\n\n<p>Examen de Mate<\/p>\n\n\n\n<p>Matific<\/p>\n\n\n\n<p><strong>Sesi\u00f3n 2<\/strong><\/p>\n\n\n\n<p>Sociales terminar tema. EDUBOOK P\u00e1ginas 69, 70 y 71.<\/p>\n\n\n\n<p><strong>Tarea: <\/strong>estudiar para el <strong>examen<\/strong> que ser\u00e1 el pr\u00f3ximo martes <strong>14 de marzo<\/strong>. Tema 4 de sociales.<\/p>\n\n\n\n<p><strong>Tarea:<\/strong> estudiar para el <strong>examen<\/strong> de <strong>lengua<\/strong>,  tema 8 , que ser\u00e1 el mi\u00e9rcoles <strong>15 de marzo<\/strong>.<\/p>\n\n\n\n<p><strong>Sesi\u00f3n 3<\/strong><\/p>\n\n\n\n<p>Pl\u00e1stica.<\/p>\n\n\n\n<p><strong>Tarea: <\/strong>para este <strong>lunes<\/strong> traer la piedra los que os falte por traer y ceras Manley para poder pintarlas. Gracias.<\/p>\n","protected":false},"excerpt":{"rendered":"<p>Sesi\u00f3n 1 Examen de Mate Matific Sesi\u00f3n 2 Sociales terminar tema. EDUBOOK P\u00e1ginas 69, 70 y 71. Tarea: estudiar para el examen que ser\u00e1 el pr\u00f3ximo martes 14 de marzo. Tema 4 de sociales. Tarea: estudiar para el examen de &hellip; <a href=\"https:\/\/cpcorella.educacion.navarra.es\/blogs\/tercero\/2023\/03\/10\/viernes-10-de-marzo\/\">Sigue leyendo <span class=\"meta-nav\">&rarr;<\/span><\/a><\/p>\n","protected":false},"author":74,"featured_media":0,"comment_status":"closed","ping_status":"closed","sticky":false,"template":"","format":"standard","meta":[],"categories":[27],"tags":[],"_links":{"self":[{"href":"https:\/\/cpcorella.educacion.navarra.es\/blogs\/tercero\/wp-json\/wp\/v2\/posts\/3854"}],"collection":[{"href":"https:\/\/cpcorella.educacion.navarra.es\/blogs\/tercero\/wp-json\/wp\/v2\/posts"}],"about":[{"href":"https:\/\/cpcorella.educacion.navarra.es\/blogs\/tercero\/wp-json\/wp\/v2\/types\/post"}],"author":[{"embeddable":true,"href":"https:\/\/cpcorella.educacion.navarra.es\/blogs\/tercero\/wp-json\/wp\/v2\/users\/74"}],"replies":[{"embeddable":true,"href":"https:\/\/cpcorella.educacion.navarra.es\/blogs\/tercero\/wp-json\/wp\/v2\/comments?post=3854"}],"version-history":[{"count":2,"href":"https:\/\/cpcorella.educacion.navarra.es\/blogs\/tercero\/wp-json\/wp\/v2\/posts\/3854\/revisions"}],"predecessor-version":[{"id":3857,"href":"https:\/\/cpcorella.educacion.navarra.es\/blogs\/tercero\/wp-json\/wp\/v2\/posts\/3854\/revisions\/3857"}],"wp:attachment":[{"href":"https:\/\/cpcorella.educacion.navarra.es\/blogs\/tercero\/wp-json\/wp\/v2\/media?parent=3854"}],"wp:term":[{"taxonomy":"category","embeddable":true,"href":"https:\/\/cpcorella.educacion.navarra.es\/blogs\/tercero\/wp-json\/wp\/v2\/categories?post=3854"},{"taxonomy":"post_tag","embeddable":true,"href":"https:\/\/cpcorella.educacion.navarra.es\/blogs\/tercero\/wp-json\/wp\/v2\/tags?post=3854"}],"curies":[{"name":"wp","href":"https:\/\/api.w.org\/{rel}","templated":true}]}}