{"id":3846,"date":"2023-03-07T13:05:40","date_gmt":"2023-03-07T13:05:40","guid":{"rendered":"https:\/\/cpcorella.educacion.navarra.es\/blogs\/tercero\/?p=3846"},"modified":"2023-03-07T13:05:41","modified_gmt":"2023-03-07T13:05:41","slug":"martes-7-de-marzo","status":"publish","type":"post","link":"https:\/\/cpcorella.educacion.navarra.es\/blogs\/tercero\/2023\/03\/07\/martes-7-de-marzo\/","title":{"rendered":"Martes 7 de marzo"},"content":{"rendered":"\n<p><strong>Sesi\u00f3n 1<\/strong><\/p>\n\n\n\n<p>C\u00e1lculo mental y operaciones combinadas.<\/p>\n\n\n\n<p>Corregir tarea d\u00eda anterior.<\/p>\n\n\n\n<p>Multiplicaci\u00f3n de un n\u00famero decimal por uno natural P\u00e1gina 103.<\/p>\n\n\n\n<p><strong>Tarea: <\/strong>Practicamat p\u00e1gina 46.<\/p>\n\n\n\n<p><strong>Tarea: <\/strong>estudiar para el viernes <strong>examen <\/strong>de mate del <strong>Tema 6<\/strong>.<\/p>\n\n\n\n<p><strong>Sesi\u00f3n 2<\/strong><\/p>\n\n\n\n<p>Terminado las exposiciones orales. <\/p>\n\n\n\n<p>Terminar rosas d\u00eda de la mujer trabajadora 8M.<\/p>\n\n\n\n<p>Terminar mapa pol\u00edtico comunidades aut\u00f3nomas.<\/p>\n","protected":false},"excerpt":{"rendered":"<p>Sesi\u00f3n 1 C\u00e1lculo mental y operaciones combinadas. Corregir tarea d\u00eda anterior. Multiplicaci\u00f3n de un n\u00famero decimal por uno natural P\u00e1gina 103. Tarea: Practicamat p\u00e1gina 46. Tarea: estudiar para el viernes examen de mate del Tema 6. Sesi\u00f3n 2 Terminado las &hellip; <a href=\"https:\/\/cpcorella.educacion.navarra.es\/blogs\/tercero\/2023\/03\/07\/martes-7-de-marzo\/\">Sigue leyendo <span class=\"meta-nav\">&rarr;<\/span><\/a><\/p>\n","protected":false},"author":74,"featured_media":0,"comment_status":"closed","ping_status":"closed","sticky":false,"template":"","format":"standard","meta":[],"categories":[27],"tags":[],"_links":{"self":[{"href":"https:\/\/cpcorella.educacion.navarra.es\/blogs\/tercero\/wp-json\/wp\/v2\/posts\/3846"}],"collection":[{"href":"https:\/\/cpcorella.educacion.navarra.es\/blogs\/tercero\/wp-json\/wp\/v2\/posts"}],"about":[{"href":"https:\/\/cpcorella.educacion.navarra.es\/blogs\/tercero\/wp-json\/wp\/v2\/types\/post"}],"author":[{"embeddable":true,"href":"https:\/\/cpcorella.educacion.navarra.es\/blogs\/tercero\/wp-json\/wp\/v2\/users\/74"}],"replies":[{"embeddable":true,"href":"https:\/\/cpcorella.educacion.navarra.es\/blogs\/tercero\/wp-json\/wp\/v2\/comments?post=3846"}],"version-history":[{"count":1,"href":"https:\/\/cpcorella.educacion.navarra.es\/blogs\/tercero\/wp-json\/wp\/v2\/posts\/3846\/revisions"}],"predecessor-version":[{"id":3847,"href":"https:\/\/cpcorella.educacion.navarra.es\/blogs\/tercero\/wp-json\/wp\/v2\/posts\/3846\/revisions\/3847"}],"wp:attachment":[{"href":"https:\/\/cpcorella.educacion.navarra.es\/blogs\/tercero\/wp-json\/wp\/v2\/media?parent=3846"}],"wp:term":[{"taxonomy":"category","embeddable":true,"href":"https:\/\/cpcorella.educacion.navarra.es\/blogs\/tercero\/wp-json\/wp\/v2\/categories?post=3846"},{"taxonomy":"post_tag","embeddable":true,"href":"https:\/\/cpcorella.educacion.navarra.es\/blogs\/tercero\/wp-json\/wp\/v2\/tags?post=3846"}],"curies":[{"name":"wp","href":"https:\/\/api.w.org\/{rel}","templated":true}]}}