{"id":3844,"date":"2023-03-06T11:55:01","date_gmt":"2023-03-06T11:55:01","guid":{"rendered":"https:\/\/cpcorella.educacion.navarra.es\/blogs\/tercero\/?p=3844"},"modified":"2023-03-06T11:55:02","modified_gmt":"2023-03-06T11:55:02","slug":"lunes-6-de-marzo","status":"publish","type":"post","link":"https:\/\/cpcorella.educacion.navarra.es\/blogs\/tercero\/2023\/03\/06\/lunes-6-de-marzo\/","title":{"rendered":"Lunes 6 de marzo"},"content":{"rendered":"\n<p><strong>Sesi\u00f3n 1<\/strong><\/p>\n\n\n\n<p>C\u00e1lculo mental y operaciones combinadas.<\/p>\n\n\n\n<p>Corregir tarea Practicamat.<\/p>\n\n\n\n<p>EDUBOOK. Suma y resta de n\u00fameros decimales. P\u00e1gina 102.<\/p>\n\n\n\n<p><strong>Tarea:<\/strong> p\u00e1gina 43 del Practicamat.<\/p>\n\n\n\n<p><strong>Sesi\u00f3n 2<\/strong><\/p>\n\n\n\n<p>Corregir ejercicios tarea.<\/p>\n\n\n\n<p>Las familias de palabras. P\u00e1gina 125. EDUBOOK<\/p>\n\n\n\n<p><strong>Sesi\u00f3n 3<\/strong><\/p>\n\n\n\n<p><a href=\"https:\/\/edubook.vicensvives.com\/b\/3240\/38332592-e37c-44ff-a50c-445a1442d23a\/ee608363-1d69-4fef-99b0-0b54f196f04f\/flipbook\/7\">EDUBOOK<\/a> Las comunidades aut\u00f3nomas p\u00e1ginas 66 y 67. Fotocopia a completar.<\/p>\n\n\n\n<p><strong>Tarea:<\/strong> terminar de colorear y completar el mapa de las comunidades aut\u00f3nomas.<\/p>\n","protected":false},"excerpt":{"rendered":"<p>Sesi\u00f3n 1 C\u00e1lculo mental y operaciones combinadas. Corregir tarea Practicamat. EDUBOOK. Suma y resta de n\u00fameros decimales. P\u00e1gina 102. Tarea: p\u00e1gina 43 del Practicamat. Sesi\u00f3n 2 Corregir ejercicios tarea. Las familias de palabras. P\u00e1gina 125. EDUBOOK Sesi\u00f3n 3 EDUBOOK Las &hellip; <a href=\"https:\/\/cpcorella.educacion.navarra.es\/blogs\/tercero\/2023\/03\/06\/lunes-6-de-marzo\/\">Sigue leyendo <span class=\"meta-nav\">&rarr;<\/span><\/a><\/p>\n","protected":false},"author":74,"featured_media":0,"comment_status":"closed","ping_status":"closed","sticky":false,"template":"","format":"standard","meta":[],"categories":[27],"tags":[],"_links":{"self":[{"href":"https:\/\/cpcorella.educacion.navarra.es\/blogs\/tercero\/wp-json\/wp\/v2\/posts\/3844"}],"collection":[{"href":"https:\/\/cpcorella.educacion.navarra.es\/blogs\/tercero\/wp-json\/wp\/v2\/posts"}],"about":[{"href":"https:\/\/cpcorella.educacion.navarra.es\/blogs\/tercero\/wp-json\/wp\/v2\/types\/post"}],"author":[{"embeddable":true,"href":"https:\/\/cpcorella.educacion.navarra.es\/blogs\/tercero\/wp-json\/wp\/v2\/users\/74"}],"replies":[{"embeddable":true,"href":"https:\/\/cpcorella.educacion.navarra.es\/blogs\/tercero\/wp-json\/wp\/v2\/comments?post=3844"}],"version-history":[{"count":1,"href":"https:\/\/cpcorella.educacion.navarra.es\/blogs\/tercero\/wp-json\/wp\/v2\/posts\/3844\/revisions"}],"predecessor-version":[{"id":3845,"href":"https:\/\/cpcorella.educacion.navarra.es\/blogs\/tercero\/wp-json\/wp\/v2\/posts\/3844\/revisions\/3845"}],"wp:attachment":[{"href":"https:\/\/cpcorella.educacion.navarra.es\/blogs\/tercero\/wp-json\/wp\/v2\/media?parent=3844"}],"wp:term":[{"taxonomy":"category","embeddable":true,"href":"https:\/\/cpcorella.educacion.navarra.es\/blogs\/tercero\/wp-json\/wp\/v2\/categories?post=3844"},{"taxonomy":"post_tag","embeddable":true,"href":"https:\/\/cpcorella.educacion.navarra.es\/blogs\/tercero\/wp-json\/wp\/v2\/tags?post=3844"}],"curies":[{"name":"wp","href":"https:\/\/api.w.org\/{rel}","templated":true}]}}