{"id":3611,"date":"2022-12-04T18:21:15","date_gmt":"2022-12-04T18:21:15","guid":{"rendered":"https:\/\/cpcorella.educacion.navarra.es\/blogs\/tercero\/?p=3611"},"modified":"2022-12-05T10:37:52","modified_gmt":"2022-12-05T10:37:52","slug":"lunes-5-de-diciembre","status":"publish","type":"post","link":"https:\/\/cpcorella.educacion.navarra.es\/blogs\/tercero\/2022\/12\/04\/lunes-5-de-diciembre\/","title":{"rendered":"LUNES 5 DE DICIEMBRE"},"content":{"rendered":"\n<p><img loading=\"lazy\" width=\"398\" height=\"398\" class=\"wp-image-2724\" style=\"width: 192px\" src=\"https:\/\/cpcorella.educacion.navarra.es\/blogs\/tercero\/files\/2022\/02\/50d69d24ff07588d1b0a06d7f2ba144da67c31e2e500f6f76a2c8238eb9438bf.0.png\" alt=\"\" srcset=\"https:\/\/cpcorella.educacion.navarra.es\/blogs\/tercero\/files\/2022\/02\/50d69d24ff07588d1b0a06d7f2ba144da67c31e2e500f6f76a2c8238eb9438bf.0.png 398w, https:\/\/cpcorella.educacion.navarra.es\/blogs\/tercero\/files\/2022\/02\/50d69d24ff07588d1b0a06d7f2ba144da67c31e2e500f6f76a2c8238eb9438bf.0-300x300.png 300w, https:\/\/cpcorella.educacion.navarra.es\/blogs\/tercero\/files\/2022\/02\/50d69d24ff07588d1b0a06d7f2ba144da67c31e2e500f6f76a2c8238eb9438bf.0-150x150.png 150w\" sizes=\"(max-width: 398px) 100vw, 398px\" \/><\/p>\n\n\n\n<p><strong>TALLER DE MATEM\u00c1TICAS<\/strong><\/p>\n\n\n\n<p><img loading=\"lazy\" width=\"512\" height=\"512\" class=\"wp-image-3594\" style=\"width: 150px\" src=\"https:\/\/cpcorella.educacion.navarra.es\/blogs\/tercero\/files\/2022\/11\/617Fl-wim-L.png\" alt=\"\" srcset=\"https:\/\/cpcorella.educacion.navarra.es\/blogs\/tercero\/files\/2022\/11\/617Fl-wim-L.png 512w, https:\/\/cpcorella.educacion.navarra.es\/blogs\/tercero\/files\/2022\/11\/617Fl-wim-L-300x300.png 300w, https:\/\/cpcorella.educacion.navarra.es\/blogs\/tercero\/files\/2022\/11\/617Fl-wim-L-150x150.png 150w\" sizes=\"(max-width: 512px) 100vw, 512px\" \/> <strong>C\u00c1LCULO MENTAL<\/strong><\/p>\n\n\n\n<p><strong>TEMA 2. Libro 4.1<\/strong><\/p>\n\n\n\n<p><strong>OPERACIONES<\/strong><\/p>\n\n\n\n<p><strong>Cuaderno de Actividades.<\/strong><\/p>\n\n\n\n<p><strong>Realizamos la p\u00e1gina 8.<\/strong><\/p>\n\n\n\n<p><strong>Correcci\u00f3n en pizarra.<\/strong><\/p>\n\n\n\n<p><strong>TALLER DE LENGUA<\/strong><\/p>\n\n\n\n<p><strong>SESIONES 2 y 3.<\/strong><\/p>\n\n\n\n<p><img loading=\"lazy\" width=\"993\" height=\"985\" class=\"wp-image-2357\" style=\"width: 150px\" src=\"https:\/\/cpcorella.educacion.navarra.es\/blogs\/tercero\/files\/2021\/05\/SmartSelect_20210325-203105_Bitmoji.jpg\" alt=\"\" srcset=\"https:\/\/cpcorella.educacion.navarra.es\/blogs\/tercero\/files\/2021\/05\/SmartSelect_20210325-203105_Bitmoji.jpg 993w, https:\/\/cpcorella.educacion.navarra.es\/blogs\/tercero\/files\/2021\/05\/SmartSelect_20210325-203105_Bitmoji-300x298.jpg 300w, https:\/\/cpcorella.educacion.navarra.es\/blogs\/tercero\/files\/2021\/05\/SmartSelect_20210325-203105_Bitmoji-150x150.jpg 150w, https:\/\/cpcorella.educacion.navarra.es\/blogs\/tercero\/files\/2021\/05\/SmartSelect_20210325-203105_Bitmoji-768x762.jpg 768w, https:\/\/cpcorella.educacion.navarra.es\/blogs\/tercero\/files\/2021\/05\/SmartSelect_20210325-203105_Bitmoji-302x300.jpg 302w\" sizes=\"(max-width: 993px) 100vw, 993px\" \/> <strong>Libros de Lengua 4.1 se llevan a casa para revisar seg\u00fan protocolo y entregar el pr\u00f3ximo mi\u00e9rcoles 7 de diciembre.<\/strong><\/p>\n\n\n\n<p><strong>Se hace entrega de los libros de Lengua 4.2 para, seg\u00fan protocolo, revisar y poner forro nuevo y etiqueta con el nombre.<\/strong><\/p>\n\n\n\n<p><strong>Se traer\u00e1n el mi\u00e9rcoles 5 de diciembre a clase.<\/strong><\/p>\n\n\n\n<p><strong>TALLER DE EXPRESI\u00d3N ORAL<\/strong><\/p>\n\n\n\n<p><img loading=\"lazy\" width=\"200\" height=\"200\" class=\"wp-image-3506\" style=\"width: 150px\" src=\"https:\/\/cpcorella.educacion.navarra.es\/blogs\/tercero\/files\/2022\/11\/orataria1-200x200-1.jpg\" alt=\"\" srcset=\"https:\/\/cpcorella.educacion.navarra.es\/blogs\/tercero\/files\/2022\/11\/orataria1-200x200-1.jpg 200w, https:\/\/cpcorella.educacion.navarra.es\/blogs\/tercero\/files\/2022\/11\/orataria1-200x200-1-150x150.jpg 150w\" sizes=\"(max-width: 200px) 100vw, 200px\" \/>  <strong>\u00abExpongo el libro que he le\u00eddo\u00bb. Segundo grupo.<\/strong><\/p>\n\n\n\n<p><strong>CHROMEBOOKS<\/strong><\/p>\n\n\n\n<p><strong>COMPRENSI\u00d3N LECTORA<\/strong><\/p>\n\n\n\n<p><strong><a href=\"https:\/\/es.liveworksheets.com\/cd221853mk\">\u00abDO\u00d1A VINAGRE\u00bb<\/a><\/strong><\/p>\n\n\n\n<p><strong>Realizaci\u00f3n en gran grupo.<\/strong><\/p>\n\n\n\n<p><strong><a href=\"https:\/\/es.liveworksheets.com\/vg652130ul\">HARRY POTTER<\/a><\/strong><\/p>\n","protected":false},"excerpt":{"rendered":"<p>TALLER DE MATEM\u00c1TICAS C\u00c1LCULO MENTAL TEMA 2. Libro 4.1 OPERACIONES Cuaderno de Actividades. Realizamos la p\u00e1gina 8. Correcci\u00f3n en pizarra. TALLER DE LENGUA SESIONES 2 y 3. Libros de Lengua 4.1 se llevan a casa para revisar seg\u00fan protocolo y &hellip; <a href=\"https:\/\/cpcorella.educacion.navarra.es\/blogs\/tercero\/2022\/12\/04\/lunes-5-de-diciembre\/\">Sigue leyendo <span class=\"meta-nav\">&rarr;<\/span><\/a><\/p>\n","protected":false},"author":35,"featured_media":0,"comment_status":"closed","ping_status":"closed","sticky":false,"template":"","format":"standard","meta":[],"categories":[27,1],"tags":[],"_links":{"self":[{"href":"https:\/\/cpcorella.educacion.navarra.es\/blogs\/tercero\/wp-json\/wp\/v2\/posts\/3611"}],"collection":[{"href":"https:\/\/cpcorella.educacion.navarra.es\/blogs\/tercero\/wp-json\/wp\/v2\/posts"}],"about":[{"href":"https:\/\/cpcorella.educacion.navarra.es\/blogs\/tercero\/wp-json\/wp\/v2\/types\/post"}],"author":[{"embeddable":true,"href":"https:\/\/cpcorella.educacion.navarra.es\/blogs\/tercero\/wp-json\/wp\/v2\/users\/35"}],"replies":[{"embeddable":true,"href":"https:\/\/cpcorella.educacion.navarra.es\/blogs\/tercero\/wp-json\/wp\/v2\/comments?post=3611"}],"version-history":[{"count":4,"href":"https:\/\/cpcorella.educacion.navarra.es\/blogs\/tercero\/wp-json\/wp\/v2\/posts\/3611\/revisions"}],"predecessor-version":[{"id":3615,"href":"https:\/\/cpcorella.educacion.navarra.es\/blogs\/tercero\/wp-json\/wp\/v2\/posts\/3611\/revisions\/3615"}],"wp:attachment":[{"href":"https:\/\/cpcorella.educacion.navarra.es\/blogs\/tercero\/wp-json\/wp\/v2\/media?parent=3611"}],"wp:term":[{"taxonomy":"category","embeddable":true,"href":"https:\/\/cpcorella.educacion.navarra.es\/blogs\/tercero\/wp-json\/wp\/v2\/categories?post=3611"},{"taxonomy":"post_tag","embeddable":true,"href":"https:\/\/cpcorella.educacion.navarra.es\/blogs\/tercero\/wp-json\/wp\/v2\/tags?post=3611"}],"curies":[{"name":"wp","href":"https:\/\/api.w.org\/{rel}","templated":true}]}}