{"id":3365,"date":"2022-10-18T16:59:24","date_gmt":"2022-10-18T16:59:24","guid":{"rendered":"https:\/\/cpcorella.educacion.navarra.es\/blogs\/tercero\/?p=3365"},"modified":"2022-10-19T10:25:11","modified_gmt":"2022-10-19T10:25:11","slug":"miercoles-19-de-octubre","status":"publish","type":"post","link":"https:\/\/cpcorella.educacion.navarra.es\/blogs\/tercero\/2022\/10\/18\/miercoles-19-de-octubre\/","title":{"rendered":"MI\u00c9RCOLES 19 DE OCTUBRE"},"content":{"rendered":"\n<p><img loading=\"lazy\" width=\"398\" height=\"398\" class=\"wp-image-2638\" style=\"width: 180px\" src=\"https:\/\/cpcorella.educacion.navarra.es\/blogs\/tercero\/files\/2022\/01\/0b7c919bfee7ef4c0afffcf3b363b9040695292e7099486486f1d16e8d1c2486.0.png\" alt=\"\" srcset=\"https:\/\/cpcorella.educacion.navarra.es\/blogs\/tercero\/files\/2022\/01\/0b7c919bfee7ef4c0afffcf3b363b9040695292e7099486486f1d16e8d1c2486.0.png 398w, https:\/\/cpcorella.educacion.navarra.es\/blogs\/tercero\/files\/2022\/01\/0b7c919bfee7ef4c0afffcf3b363b9040695292e7099486486f1d16e8d1c2486.0-300x300.png 300w, https:\/\/cpcorella.educacion.navarra.es\/blogs\/tercero\/files\/2022\/01\/0b7c919bfee7ef4c0afffcf3b363b9040695292e7099486486f1d16e8d1c2486.0-150x150.png 150w\" sizes=\"(max-width: 398px) 100vw, 398px\" \/> <strong>MATEM\u00c1TICAS TEMA 10<\/strong><\/p>\n\n\n\n<p><strong><a href=\"https:\/\/edubook.vicensvives.com\/b\/3220\/a12faba1-f183-4d6b-ad32-2ce99cb5de83\/26c27b47-9c3f-4a49-9987-d44670b237e2\/flipbook\/12?classId=5d121b58-01d9-44da-9055-01ccf898066d&amp;userBookId=09504223-5f67-4515-8a70-70066c6bd483\">P.8 POSICIONES RELATIVAS DE CIRCUNFERENCIAS Y RECTAS<\/a><\/strong><\/p>\n\n\n\n<p><strong>Ejercicios 27 y 28. <a href=\"https:\/\/edubook.vicensvives.com\/b\/3220\/a12faba1-f183-4d6b-ad32-2ce99cb5de83\/26c27b47-9c3f-4a49-9987-d44670b237e2\/activities?classId=5d121b58-01d9-44da-9055-01ccf898066d&amp;userBookId=09504223-5f67-4515-8a70-70066c6bd483\">EDUBOOK<\/a><\/strong><\/p>\n\n\n\n<p><strong><a href=\"https:\/\/edubook.vicensvives.com\/b\/3220\/a12faba1-f183-4d6b-ad32-2ce99cb5de83\/3ca0c046-47ba-4a73-9a34-7843ff6bc2bf\/flipbook\/11?classId=5d121b58-01d9-44da-9055-01ccf898066d&amp;userBookId=09504223-5f67-4515-8a70-70066c6bd483\">P.7 DIBUJAMOS CIRCUNFERENCIAS<\/a><\/strong><\/p>\n\n\n\n<p><strong>CUADERNO DE ACTIVIDADES<\/strong><\/p>\n\n\n\n<p><strong>Realizamos la p\u00e1gina 176.<\/strong><\/p>\n\n\n\n<p><strong>DEBERES<\/strong><\/p>\n\n\n\n<p><strong>Mira este  V\u00cdDEO:<\/strong>   <strong><a href=\"https:\/\/www.youtube.com\/watch?v=E1uWLydHTqA\">CALCULANDO \u00c1REAS<\/a><\/strong>. <\/p>\n\n\n\n<p><a href=\"https:\/\/edubook.vicensvives.com\/b\/3220\/a12faba1-f183-4d6b-ad32-2ce99cb5de83\/70089dc7-d5bd-45aa-a7c9-90beddab59f7\/flipbook\/17?classId=5d121b58-01d9-44da-9055-01ccf898066d&amp;userBookId=09504223-5f67-4515-8a70-70066c6bd483\"><strong>PROBLEMA<\/strong> <strong>6<\/strong><\/a><strong> de la p\u00e1gina 184 del libro.<\/strong><\/p>\n\n\n\n<p><strong>DIVIDE y realiza la PRUEBA. <\/strong><\/p>\n\n\n\n<p><strong>40. 532 : 8<\/strong><\/p>\n\n\n\n<p><strong>Acabar ejercicios del Cuaderno de Actividades.<\/strong><\/p>\n\n\n\n<p><strong>LENGUA TEMAS 3 y 4<\/strong><\/p>\n\n\n\n<p><strong>GRAM\u00c1TICA. <a href=\"https:\/\/edubook.vicensvives.com\/b\/3158\/37025b99-3339-4392-8f55-2818ae702b6d\/45b5e925-ba78-43c4-a6d6-46dbbaef4eff\/flipbook\/8?classId=a4c4abe1-3a1e-460f-a679-a0768d8b4c46&amp;userBookId=8bf3aa0d-8c67-4a4b-abb3-57757c954c01\">LAS CLASES DE LOS NOMBRES<\/a><\/strong><\/p>\n\n\n\n<p><strong><a href=\"https:\/\/edubook.vicensvives.com\/b\/section\/45b5e925-ba78-43c4-a6d6-46dbbaef4eff\/video\/fc6ee18a-1cb9-4c84-9625-b89094fec3a6\">V\u00cdDEO<\/a><\/strong><\/p>\n\n\n\n<p><strong>Lectura, explicaci\u00f3n y copiar recuadros de teor\u00eda.<\/strong><\/p>\n\n\n\n<p><strong>Ejercicio 8, 10 y 11  del libro. P\u00e1ginas 41 y 42. Cuaderno.<\/strong><\/p>\n\n\n\n<p><strong><a href=\"https:\/\/edubook.vicensvives.com\/b\/3158\/37025b99-3339-4392-8f55-2818ae702b6d\/45b5e925-ba78-43c4-a6d6-46dbbaef4eff\/activities?classId=a4c4abe1-3a1e-460f-a679-a0768d8b4c46&amp;userBookId=8bf3aa0d-8c67-4a4b-abb3-57757c954c01\">EDUBOOK<\/a><\/strong><\/p>\n\n\n\n<p><strong>DEBERES<\/strong><\/p>\n\n\n\n<p><strong>Acabar PORTADA. TEMAS 3 y 4.<\/strong><\/p>\n\n\n\n<p><strong>Acabar ejercicios.<\/strong><\/p>\n\n\n\n<p><img loading=\"lazy\" width=\"1073\" height=\"1058\" class=\"wp-image-2946\" style=\"width: 124px\" src=\"https:\/\/cpcorella.educacion.navarra.es\/blogs\/tercero\/files\/2022\/03\/SmartSelect_20220323-190459_Gmail-1.jpg\" alt=\"\" srcset=\"https:\/\/cpcorella.educacion.navarra.es\/blogs\/tercero\/files\/2022\/03\/SmartSelect_20220323-190459_Gmail-1.jpg 1073w, https:\/\/cpcorella.educacion.navarra.es\/blogs\/tercero\/files\/2022\/03\/SmartSelect_20220323-190459_Gmail-1-300x296.jpg 300w, https:\/\/cpcorella.educacion.navarra.es\/blogs\/tercero\/files\/2022\/03\/SmartSelect_20220323-190459_Gmail-1-1024x1010.jpg 1024w, https:\/\/cpcorella.educacion.navarra.es\/blogs\/tercero\/files\/2022\/03\/SmartSelect_20220323-190459_Gmail-1-768x757.jpg 768w, https:\/\/cpcorella.educacion.navarra.es\/blogs\/tercero\/files\/2022\/03\/SmartSelect_20220323-190459_Gmail-1-304x300.jpg 304w\" sizes=\"(max-width: 1073px) 100vw, 1073px\" \/> <strong>LECTURA EN VOZ ALTA<\/strong> <strong>de la p\u00e1gina 11 del libro.<\/strong><\/p>\n\n\n\n<p><strong><a href=\"https:\/\/edubook.vicensvives.com\/b\/3158\/37025b99-3339-4392-8f55-2818ae702b6d\/41203381-13d7-44a1-810e-75acfd2c8b83\/flipbook\/11?classId=a4c4abe1-3a1e-460f-a679-a0768d8b4c46&amp;userBookId=8bf3aa0d-8c67-4a4b-abb3-57757c954c01\">LA ACENTUACI\u00d3N<\/a><\/strong><\/p>\n\n\n\n<p><strong>CIENCIAS SOCIALES TEMA 1<\/strong><\/p>\n\n\n\n<p><strong>REPASO GENERAL DEL TEMA 1<\/strong><\/p>\n\n\n\n<p><strong>REPASAMOS CON V\u00cdDEOS<\/strong><\/p>\n\n\n\n<p><strong><a href=\"https:\/\/www.youtube.com\/watch?v=PbbSHYkAaFo\">LA ATM\u00d3SFERA<\/a><\/strong><\/p>\n\n\n\n<p><strong><a href=\"https:\/\/www.youtube.com\/watch?v=F4N7uwSwlKw\">FEN\u00d3MENOS ATMOSF\u00c9RICOS O METEOROL\u00d3GICOS<\/a><\/strong><\/p>\n\n\n\n<p><strong><a href=\"https:\/\/www.youtube.com\/watch?v=2qyM9iKllfE\">EL TIEMPO ATMOSF\u00c9RICO<\/a><\/strong><\/p>\n\n\n\n<p><strong><a href=\"https:\/\/www.youtube.com\/watch?v=8gII_aUzwn8\">INSTRUMENTOS METEOROL\u00d3GICOS<\/a><\/strong><\/p>\n\n\n\n<p> <strong><a href=\"https:\/\/www.youtube.com\/watch?v=z_dZQuZQTQs\">EL CLIMA<\/a><\/strong><\/p>\n\n\n\n<p><img loading=\"lazy\" width=\"967\" height=\"1008\" class=\"wp-image-2952\" style=\"width: 150px\" src=\"https:\/\/cpcorella.educacion.navarra.es\/blogs\/tercero\/files\/2022\/04\/SmartSelect_20210325-203206_Bitmoji.jpg\" alt=\"\" srcset=\"https:\/\/cpcorella.educacion.navarra.es\/blogs\/tercero\/files\/2022\/04\/SmartSelect_20210325-203206_Bitmoji.jpg 967w, https:\/\/cpcorella.educacion.navarra.es\/blogs\/tercero\/files\/2022\/04\/SmartSelect_20210325-203206_Bitmoji-288x300.jpg 288w, https:\/\/cpcorella.educacion.navarra.es\/blogs\/tercero\/files\/2022\/04\/SmartSelect_20210325-203206_Bitmoji-768x801.jpg 768w\" sizes=\"(max-width: 967px) 100vw, 967px\" \/> <strong>EXAMEN TEMA 1, VIERNES 21 DE OCTUBRE.<\/strong><\/p>\n\n\n\n<p><strong>DEBERES<\/strong><\/p>\n\n\n\n<p><strong>Estudiar el TEMA 1. Ma\u00f1ana preguntas por escrito.<\/strong><\/p>\n","protected":false},"excerpt":{"rendered":"<p>MATEM\u00c1TICAS TEMA 10 P.8 POSICIONES RELATIVAS DE CIRCUNFERENCIAS Y RECTAS Ejercicios 27 y 28. EDUBOOK P.7 DIBUJAMOS CIRCUNFERENCIAS CUADERNO DE ACTIVIDADES Realizamos la p\u00e1gina 176. DEBERES Mira este V\u00cdDEO: CALCULANDO \u00c1REAS. PROBLEMA 6 de la p\u00e1gina 184 del libro. DIVIDE &hellip; <a href=\"https:\/\/cpcorella.educacion.navarra.es\/blogs\/tercero\/2022\/10\/18\/miercoles-19-de-octubre\/\">Sigue leyendo <span class=\"meta-nav\">&rarr;<\/span><\/a><\/p>\n","protected":false},"author":35,"featured_media":0,"comment_status":"closed","ping_status":"closed","sticky":false,"template":"","format":"standard","meta":[],"categories":[27],"tags":[],"_links":{"self":[{"href":"https:\/\/cpcorella.educacion.navarra.es\/blogs\/tercero\/wp-json\/wp\/v2\/posts\/3365"}],"collection":[{"href":"https:\/\/cpcorella.educacion.navarra.es\/blogs\/tercero\/wp-json\/wp\/v2\/posts"}],"about":[{"href":"https:\/\/cpcorella.educacion.navarra.es\/blogs\/tercero\/wp-json\/wp\/v2\/types\/post"}],"author":[{"embeddable":true,"href":"https:\/\/cpcorella.educacion.navarra.es\/blogs\/tercero\/wp-json\/wp\/v2\/users\/35"}],"replies":[{"embeddable":true,"href":"https:\/\/cpcorella.educacion.navarra.es\/blogs\/tercero\/wp-json\/wp\/v2\/comments?post=3365"}],"version-history":[{"count":3,"href":"https:\/\/cpcorella.educacion.navarra.es\/blogs\/tercero\/wp-json\/wp\/v2\/posts\/3365\/revisions"}],"predecessor-version":[{"id":3373,"href":"https:\/\/cpcorella.educacion.navarra.es\/blogs\/tercero\/wp-json\/wp\/v2\/posts\/3365\/revisions\/3373"}],"wp:attachment":[{"href":"https:\/\/cpcorella.educacion.navarra.es\/blogs\/tercero\/wp-json\/wp\/v2\/media?parent=3365"}],"wp:term":[{"taxonomy":"category","embeddable":true,"href":"https:\/\/cpcorella.educacion.navarra.es\/blogs\/tercero\/wp-json\/wp\/v2\/categories?post=3365"},{"taxonomy":"post_tag","embeddable":true,"href":"https:\/\/cpcorella.educacion.navarra.es\/blogs\/tercero\/wp-json\/wp\/v2\/tags?post=3365"}],"curies":[{"name":"wp","href":"https:\/\/api.w.org\/{rel}","templated":true}]}}