{"id":3355,"date":"2022-10-18T06:40:05","date_gmt":"2022-10-18T06:40:05","guid":{"rendered":"https:\/\/cpcorella.educacion.navarra.es\/blogs\/tercero\/?p=3355"},"modified":"2022-10-18T10:52:29","modified_gmt":"2022-10-18T10:52:29","slug":"martes-18-de-octubre","status":"publish","type":"post","link":"https:\/\/cpcorella.educacion.navarra.es\/blogs\/tercero\/2022\/10\/18\/martes-18-de-octubre\/","title":{"rendered":"MARTES 18 DE OCTUBRE"},"content":{"rendered":"\n<p><img loading=\"lazy\" width=\"398\" height=\"398\" class=\"wp-image-3235\" style=\"width: 187px\" src=\"https:\/\/cpcorella.educacion.navarra.es\/blogs\/tercero\/files\/2022\/06\/eff56acadfba66d40b36e1c998b73fc5a43045e748a9269e9ac597d05b1dc2fc.0.png\" alt=\"\" srcset=\"https:\/\/cpcorella.educacion.navarra.es\/blogs\/tercero\/files\/2022\/06\/eff56acadfba66d40b36e1c998b73fc5a43045e748a9269e9ac597d05b1dc2fc.0.png 398w, https:\/\/cpcorella.educacion.navarra.es\/blogs\/tercero\/files\/2022\/06\/eff56acadfba66d40b36e1c998b73fc5a43045e748a9269e9ac597d05b1dc2fc.0-300x300.png 300w, https:\/\/cpcorella.educacion.navarra.es\/blogs\/tercero\/files\/2022\/06\/eff56acadfba66d40b36e1c998b73fc5a43045e748a9269e9ac597d05b1dc2fc.0-150x150.png 150w\" sizes=\"(max-width: 398px) 100vw, 398px\" \/><\/p>\n\n\n\n<p><strong>MATEM\u00c1TICAS TEMA 10<\/strong><\/p>\n\n\n\n<p><strong>C\u00e1lculo mental.<\/strong><\/p>\n\n\n\n<p><strong>Corregir deberes d\u00eda anterior.<\/strong><\/p>\n\n\n\n<p><strong><a href=\"http:\/\/dubook.vicensvives.com\/b\/3220\/a12faba1-f183-4d6b-ad32-2ce99cb5de83\/4e79d30e-27ec-4d22-ad05-9b5bb8df27e6\/flipbook\/10?classId=5d121b58-01d9-44da-9055-01ccf898066d&amp;userBookId=09504223-5f67-4515-8a70-70066c6bd483\">LA CIRCUNFERENCIA Y EL C\u00cdRCULO<\/a><\/strong><\/p>\n\n\n\n<p><strong>Ejercicios 21, 22 y 23. Libro, p\u00e1gina 177.<\/strong><\/p>\n\n\n\n<p><strong>CUADERNO DE ACTIVIDADES<\/strong><\/p>\n\n\n\n<p><strong>Realizar el ejercicio 15 de la p\u00e1gina 75.<\/strong><\/p>\n\n\n\n<p><strong>CHROMEBOOKS<\/strong><\/p>\n\n\n\n<p><strong><a href=\"https:\/\/es.liveworksheets.com\/pv2617303oj\">OPERACIONES COMBINADAS<\/a><\/strong><\/p>\n\n\n\n<p><strong><a href=\"https:\/\/es.liveworksheets.com\/lf2516220us\">LABERINTO<\/a><\/strong><\/p>\n\n\n\n<p><strong><a href=\"https:\/\/es.liveworksheets.com\/jq61810ty\">DIVISIONES<\/a><\/strong><\/p>\n\n\n\n<p><strong>DEBERES<\/strong><\/p>\n\n\n\n<p><strong><a href=\"https:\/\/edubook.vicensvives.com\/b\/3220\/a12faba1-f183-4d6b-ad32-2ce99cb5de83\/910c528d-6aa6-42c4-bdc1-74405fd9ad02\/flipbook\/16?classId=5d121b58-01d9-44da-9055-01ccf898066d&amp;userBookId=09504223-5f67-4515-8a70-70066c6bd483\">PROBLEMA 6 <\/a>en el cuaderno.<\/strong><\/p>\n\n\n\n<p><strong>OPERACIONES. RESTA y haz la PRUEBA.<\/strong><\/p>\n\n\n\n<p><strong>40. 563 &#8211; 3. 089<\/strong><\/p>\n\n\n\n<p><img loading=\"lazy\" width=\"974\" height=\"981\" class=\"wp-image-2908\" style=\"width: 150px\" src=\"https:\/\/cpcorella.educacion.navarra.es\/blogs\/tercero\/files\/2022\/03\/SmartSelect_20210528-153343_Bitmoji.jpg\" alt=\"\" srcset=\"https:\/\/cpcorella.educacion.navarra.es\/blogs\/tercero\/files\/2022\/03\/SmartSelect_20210528-153343_Bitmoji.jpg 974w, https:\/\/cpcorella.educacion.navarra.es\/blogs\/tercero\/files\/2022\/03\/SmartSelect_20210528-153343_Bitmoji-298x300.jpg 298w, https:\/\/cpcorella.educacion.navarra.es\/blogs\/tercero\/files\/2022\/03\/SmartSelect_20210528-153343_Bitmoji-150x150.jpg 150w, https:\/\/cpcorella.educacion.navarra.es\/blogs\/tercero\/files\/2022\/03\/SmartSelect_20210528-153343_Bitmoji-768x774.jpg 768w\" sizes=\"(max-width: 974px) 100vw, 974px\" \/> <strong>VALORES<\/strong> <strong>TEMA 4<\/strong><\/p>\n\n\n\n<p><strong>EL DERECHO A LA EDUCACI\u00d3N<\/strong><\/p>\n\n\n\n<p><strong>Lectura de los correos electr\u00f3nicos. Libro, p\u00e1ginas 42 y 43.<\/strong><\/p>\n\n\n\n<p><strong>Puntos de vista. Asamblea.<\/strong><\/p>\n\n\n\n<p><strong>Ficha para el cuaderno. Derechos de los ni\u00f1os.<\/strong><\/p>\n\n\n\n<p><strong>CIENCIAS SOCIALES TEMA 1<\/strong><\/p>\n\n\n\n<p><strong>P.6 <a href=\"https:\/\/edubook.vicensvives.com\/b\/3240\/cd4cf5ad-0715-4a46-8954-84f8fdc6e1eb\/b9b07b39-9203-4de2-bfdd-4eb9cfd19c8d\/flipbook\/13?classId=33e2dbe3-3791-490c-9f64-c01cf56d37f9&amp;userBookId=8c139afb-fb08-42fe-9abe-5ee6b0ec39b7\">\u00bf QU\u00c9 ES EL CLIMA?<\/a><\/strong><\/p>\n\n\n\n<p><strong><a href=\"https:\/\/edubook.vicensvives.com\/b\/3240\/cd4cf5ad-0715-4a46-8954-84f8fdc6e1eb\/b9b07b39-9203-4de2-bfdd-4eb9cfd19c8d\/flipbook\/14?classId=33e2dbe3-3791-490c-9f64-c01cf56d37f9&amp;userBookId=8c139afb-fb08-42fe-9abe-5ee6b0ec39b7\">FACTORES QUE CONDICIONAN EL CLIMA<\/a><\/strong><\/p>\n\n\n\n<p><strong>Lectura y explicaci\u00f3n de los conceptos.<\/strong><\/p>\n\n\n\n<p><strong>Resumen en el cuaderno.<\/strong><\/p>\n\n\n\n<p><strong>CONCURSO de preguntas sobre los contenidos tratados en d\u00edas anteriores.<\/strong><\/p>\n\n\n\n<p><strong>DEBERES<\/strong><\/p>\n\n\n\n<p><strong>Estudiar para ma\u00f1ana. Preguntas por escrito.<\/strong><\/p>\n\n\n\n<p><img loading=\"lazy\" width=\"957\" height=\"967\" class=\"wp-image-2902\" style=\"width: 150px\" src=\"https:\/\/cpcorella.educacion.navarra.es\/blogs\/tercero\/files\/2022\/03\/SmartSelect_20210528-153941_Bitmoji.jpg\" alt=\"\" srcset=\"https:\/\/cpcorella.educacion.navarra.es\/blogs\/tercero\/files\/2022\/03\/SmartSelect_20210528-153941_Bitmoji.jpg 957w, https:\/\/cpcorella.educacion.navarra.es\/blogs\/tercero\/files\/2022\/03\/SmartSelect_20210528-153941_Bitmoji-297x300.jpg 297w, https:\/\/cpcorella.educacion.navarra.es\/blogs\/tercero\/files\/2022\/03\/SmartSelect_20210528-153941_Bitmoji-768x776.jpg 768w\" sizes=\"(max-width: 957px) 100vw, 957px\" \/> <\/p>\n","protected":false},"excerpt":{"rendered":"<p>MATEM\u00c1TICAS TEMA 10 C\u00e1lculo mental. Corregir deberes d\u00eda anterior. LA CIRCUNFERENCIA Y EL C\u00cdRCULO Ejercicios 21, 22 y 23. Libro, p\u00e1gina 177. CUADERNO DE ACTIVIDADES Realizar el ejercicio 15 de la p\u00e1gina 75. CHROMEBOOKS OPERACIONES COMBINADAS LABERINTO DIVISIONES DEBERES PROBLEMA &hellip; <a href=\"https:\/\/cpcorella.educacion.navarra.es\/blogs\/tercero\/2022\/10\/18\/martes-18-de-octubre\/\">Sigue leyendo <span class=\"meta-nav\">&rarr;<\/span><\/a><\/p>\n","protected":false},"author":35,"featured_media":0,"comment_status":"closed","ping_status":"closed","sticky":false,"template":"","format":"standard","meta":[],"categories":[27],"tags":[],"_links":{"self":[{"href":"https:\/\/cpcorella.educacion.navarra.es\/blogs\/tercero\/wp-json\/wp\/v2\/posts\/3355"}],"collection":[{"href":"https:\/\/cpcorella.educacion.navarra.es\/blogs\/tercero\/wp-json\/wp\/v2\/posts"}],"about":[{"href":"https:\/\/cpcorella.educacion.navarra.es\/blogs\/tercero\/wp-json\/wp\/v2\/types\/post"}],"author":[{"embeddable":true,"href":"https:\/\/cpcorella.educacion.navarra.es\/blogs\/tercero\/wp-json\/wp\/v2\/users\/35"}],"replies":[{"embeddable":true,"href":"https:\/\/cpcorella.educacion.navarra.es\/blogs\/tercero\/wp-json\/wp\/v2\/comments?post=3355"}],"version-history":[{"count":6,"href":"https:\/\/cpcorella.educacion.navarra.es\/blogs\/tercero\/wp-json\/wp\/v2\/posts\/3355\/revisions"}],"predecessor-version":[{"id":3370,"href":"https:\/\/cpcorella.educacion.navarra.es\/blogs\/tercero\/wp-json\/wp\/v2\/posts\/3355\/revisions\/3370"}],"wp:attachment":[{"href":"https:\/\/cpcorella.educacion.navarra.es\/blogs\/tercero\/wp-json\/wp\/v2\/media?parent=3355"}],"wp:term":[{"taxonomy":"category","embeddable":true,"href":"https:\/\/cpcorella.educacion.navarra.es\/blogs\/tercero\/wp-json\/wp\/v2\/categories?post=3355"},{"taxonomy":"post_tag","embeddable":true,"href":"https:\/\/cpcorella.educacion.navarra.es\/blogs\/tercero\/wp-json\/wp\/v2\/tags?post=3355"}],"curies":[{"name":"wp","href":"https:\/\/api.w.org\/{rel}","templated":true}]}}