{"id":3340,"date":"2022-10-16T15:45:28","date_gmt":"2022-10-16T15:45:28","guid":{"rendered":"https:\/\/cpcorella.educacion.navarra.es\/blogs\/tercero\/?p=3340"},"modified":"2022-10-17T10:25:16","modified_gmt":"2022-10-17T10:25:16","slug":"lunes-17-de-octubre","status":"publish","type":"post","link":"https:\/\/cpcorella.educacion.navarra.es\/blogs\/tercero\/2022\/10\/16\/lunes-17-de-octubre\/","title":{"rendered":"LUNES 17 DE OCTUBRE"},"content":{"rendered":"\n<p><img loading=\"lazy\" width=\"1024\" height=\"1056\" class=\"wp-image-2909\" style=\"width: 190px\" src=\"https:\/\/cpcorella.educacion.navarra.es\/blogs\/tercero\/files\/2022\/03\/SmartSelect_20220323-190529_Gmail.jpg\" alt=\"\" srcset=\"https:\/\/cpcorella.educacion.navarra.es\/blogs\/tercero\/files\/2022\/03\/SmartSelect_20220323-190529_Gmail.jpg 1024w, https:\/\/cpcorella.educacion.navarra.es\/blogs\/tercero\/files\/2022\/03\/SmartSelect_20220323-190529_Gmail-291x300.jpg 291w, https:\/\/cpcorella.educacion.navarra.es\/blogs\/tercero\/files\/2022\/03\/SmartSelect_20220323-190529_Gmail-993x1024.jpg 993w, https:\/\/cpcorella.educacion.navarra.es\/blogs\/tercero\/files\/2022\/03\/SmartSelect_20220323-190529_Gmail-768x792.jpg 768w\" sizes=\"(max-width: 1024px) 100vw, 1024px\" \/><\/p>\n\n\n\n<p><strong>MATEM\u00c1TICAS TEMA 10<\/strong><\/p>\n\n\n\n<p><strong>C\u00e1lculo<\/strong> <strong>mental.<\/strong><\/p>\n\n\n\n<p><strong>Corregir deberes del viernes 14: <\/strong><\/p>\n\n\n\n<p><strong>PROBLEMA 4. OPERACI\u00d3N. CUADERNO ACTIVIDADES.<\/strong><\/p>\n\n\n\n<p><strong><a href=\"https:\/\/edubook.vicensvives.com\/b\/3220\/a12faba1-f183-4d6b-ad32-2ce99cb5de83\/32f846b7-4c3d-4e2b-b9b8-40160bac61f0\/flipbook\/9?classId=5d121b58-01d9-44da-9055-01ccf898066d&amp;userBookId=09504223-5f67-4515-8a70-70066c6bd483\">\u00c1REA DE TRI\u00c1NGULOS RECT\u00c1NGULOS<\/a><\/strong><\/p>\n\n\n\n<p><strong>Ejercicios 19 y 20 de la p\u00e1gina 176.<\/strong><\/p>\n\n\n\n<p><strong>CUADERNO DE ACTIVIDADES: Realizar ejercicio 14. P\u00e1gina 75.<\/strong><\/p>\n\n\n\n<p><strong>DEBERES<\/strong><\/p>\n\n\n\n<p><strong>Copiar en el cuaderno y resolver el  <a href=\"https:\/\/edubook.vicensvives.com\/b\/3220\/a12faba1-f183-4d6b-ad32-2ce99cb5de83\/910c528d-6aa6-42c4-bdc1-74405fd9ad02\/flipbook\/16?classId=5d121b58-01d9-44da-9055-01ccf898066d&amp;userBookId=09504223-5f67-4515-8a70-70066c6bd483\">PROBLEMA 5<\/a><\/strong><\/p>\n\n\n\n<p><strong>OPERACI\u00d3N<\/strong><\/p>\n\n\n\n<p><strong>Realiza esta multiplicaci\u00f3n en tu cuaderno: 4. 673 x 45<\/strong>.<\/p>\n\n\n\n<p><strong>Acabar Cuaderno de Actividades.<\/strong><\/p>\n\n\n\n<p><strong>TALLER DE LENGUA<\/strong><\/p>\n\n\n\n<p><strong>Lectura 7 del Cuadernillo de Lecturas Competenciales.<\/strong><\/p>\n\n\n\n<p><strong>Corregir.<\/strong><\/p>\n\n\n\n<p><img loading=\"lazy\" width=\"1073\" height=\"1058\" class=\"wp-image-2928\" style=\"width: 150px\" src=\"https:\/\/cpcorella.educacion.navarra.es\/blogs\/tercero\/files\/2022\/03\/SmartSelect_20220323-190459_Gmail.jpg\" alt=\"\" srcset=\"https:\/\/cpcorella.educacion.navarra.es\/blogs\/tercero\/files\/2022\/03\/SmartSelect_20220323-190459_Gmail.jpg 1073w, https:\/\/cpcorella.educacion.navarra.es\/blogs\/tercero\/files\/2022\/03\/SmartSelect_20220323-190459_Gmail-300x296.jpg 300w, https:\/\/cpcorella.educacion.navarra.es\/blogs\/tercero\/files\/2022\/03\/SmartSelect_20220323-190459_Gmail-1024x1010.jpg 1024w, https:\/\/cpcorella.educacion.navarra.es\/blogs\/tercero\/files\/2022\/03\/SmartSelect_20220323-190459_Gmail-768x757.jpg 768w, https:\/\/cpcorella.educacion.navarra.es\/blogs\/tercero\/files\/2022\/03\/SmartSelect_20220323-190459_Gmail-304x300.jpg 304w\" sizes=\"(max-width: 1073px) 100vw, 1073px\" \/>  <\/p>\n\n\n\n<p><strong>DEBERES<\/strong><\/p>\n\n\n\n<p><strong>Acabar las p\u00e1ginas 22 y 23 de la LECTURA COMPETENCIAL 7.<\/strong><\/p>\n\n\n\n<p><strong>Acabar PORTADA LENGUA. TEMAS 3 y 4.<\/strong><\/p>\n\n\n\n<p><strong>LECTURA<\/strong><\/p>\n\n\n\n<p><strong>Lectura en voz alta del Tema 3. <a href=\"https:\/\/edubook.vicensvives.com\/b\/3158\/37025b99-3339-4392-8f55-2818ae702b6d\/f1f1687b-75cd-4202-b762-989bea4b0b0f\/flipbook\/3?classId=a4c4abe1-3a1e-460f-a679-a0768d8b4c46&amp;userBookId=8bf3aa0d-8c67-4a4b-abb3-57757c954c01\">\u00a1EL M\u00c1S IMPORTANTE!<\/a><\/strong><\/p>\n\n\n\n<p><strong>DEBERES<\/strong><\/p>\n\n\n\n<p><strong>LECTURA EN VOZ ALTA DE LAS<\/strong><a href=\"https:\/\/edubook.vicensvives.com\/b\/3158\/37025b99-3339-4392-8f55-2818ae702b6d\/45b5e925-ba78-43c4-a6d6-46dbbaef4eff\/flipbook\/7?classId=a4c4abe1-3a1e-460f-a679-a0768d8b4c46&amp;userBookId=8bf3aa0d-8c67-4a4b-abb3-57757c954c01\"><strong> P\u00c1GINAS<\/strong> <strong>40 y 41<\/strong><\/a><strong> DEL LIBRO DE LENGUA.<\/strong><\/p>\n\n\n\n<p><strong>CIENCIAS SOCIALES TEMA 1<\/strong><\/p>\n\n\n\n<p><strong>P.5 <a href=\"https:\/\/edubook.vicensvives.com\/b\/3240\/cd4cf5ad-0715-4a46-8954-84f8fdc6e1eb\/6d1665c7-a428-4f87-9687-7cd0a6dc1109\/flipbook\/11?classId=33e2dbe3-3791-490c-9f64-c01cf56d37f9&amp;userBookId=8c139afb-fb08-42fe-9abe-5ee6b0ec39b7\">\u00bfQU\u00c9 TIEMPO HAR\u00c1 MA\u00d1ANA?<\/a><\/strong><img loading=\"lazy\" width=\"1013\" height=\"1046\" class=\"wp-image-1716\" style=\"width: 150px\" src=\"https:\/\/cpcorella.educacion.navarra.es\/blogs\/tercero\/files\/2021\/01\/SmartSelect_20201202-094413_Photos.jpg\" alt=\"\" srcset=\"https:\/\/cpcorella.educacion.navarra.es\/blogs\/tercero\/files\/2021\/01\/SmartSelect_20201202-094413_Photos.jpg 1013w, https:\/\/cpcorella.educacion.navarra.es\/blogs\/tercero\/files\/2021\/01\/SmartSelect_20201202-094413_Photos-291x300.jpg 291w, https:\/\/cpcorella.educacion.navarra.es\/blogs\/tercero\/files\/2021\/01\/SmartSelect_20201202-094413_Photos-992x1024.jpg 992w, https:\/\/cpcorella.educacion.navarra.es\/blogs\/tercero\/files\/2021\/01\/SmartSelect_20201202-094413_Photos-768x793.jpg 768w\" sizes=\"(max-width: 1013px) 100vw, 1013px\" \/><\/p>\n\n\n\n<p><strong>Lectura de las p\u00e1ginas 12 y 13 del libro. Explicaci\u00f3n conceptos y resumen en el cuaderno.<\/strong><\/p>\n\n\n\n<p><strong>DEBERES<\/strong><\/p>\n\n\n\n<p><strong>REPASO de contenidos vistos en clase.<\/strong><\/p>\n","protected":false},"excerpt":{"rendered":"<p>MATEM\u00c1TICAS TEMA 10 C\u00e1lculo mental. Corregir deberes del viernes 14: PROBLEMA 4. OPERACI\u00d3N. CUADERNO ACTIVIDADES. \u00c1REA DE TRI\u00c1NGULOS RECT\u00c1NGULOS Ejercicios 19 y 20 de la p\u00e1gina 176. CUADERNO DE ACTIVIDADES: Realizar ejercicio 14. P\u00e1gina 75. DEBERES Copiar en el cuaderno &hellip; <a href=\"https:\/\/cpcorella.educacion.navarra.es\/blogs\/tercero\/2022\/10\/16\/lunes-17-de-octubre\/\">Sigue leyendo <span class=\"meta-nav\">&rarr;<\/span><\/a><\/p>\n","protected":false},"author":35,"featured_media":0,"comment_status":"closed","ping_status":"closed","sticky":false,"template":"","format":"standard","meta":[],"categories":[27],"tags":[],"_links":{"self":[{"href":"https:\/\/cpcorella.educacion.navarra.es\/blogs\/tercero\/wp-json\/wp\/v2\/posts\/3340"}],"collection":[{"href":"https:\/\/cpcorella.educacion.navarra.es\/blogs\/tercero\/wp-json\/wp\/v2\/posts"}],"about":[{"href":"https:\/\/cpcorella.educacion.navarra.es\/blogs\/tercero\/wp-json\/wp\/v2\/types\/post"}],"author":[{"embeddable":true,"href":"https:\/\/cpcorella.educacion.navarra.es\/blogs\/tercero\/wp-json\/wp\/v2\/users\/35"}],"replies":[{"embeddable":true,"href":"https:\/\/cpcorella.educacion.navarra.es\/blogs\/tercero\/wp-json\/wp\/v2\/comments?post=3340"}],"version-history":[{"count":9,"href":"https:\/\/cpcorella.educacion.navarra.es\/blogs\/tercero\/wp-json\/wp\/v2\/posts\/3340\/revisions"}],"predecessor-version":[{"id":3353,"href":"https:\/\/cpcorella.educacion.navarra.es\/blogs\/tercero\/wp-json\/wp\/v2\/posts\/3340\/revisions\/3353"}],"wp:attachment":[{"href":"https:\/\/cpcorella.educacion.navarra.es\/blogs\/tercero\/wp-json\/wp\/v2\/media?parent=3340"}],"wp:term":[{"taxonomy":"category","embeddable":true,"href":"https:\/\/cpcorella.educacion.navarra.es\/blogs\/tercero\/wp-json\/wp\/v2\/categories?post=3340"},{"taxonomy":"post_tag","embeddable":true,"href":"https:\/\/cpcorella.educacion.navarra.es\/blogs\/tercero\/wp-json\/wp\/v2\/tags?post=3340"}],"curies":[{"name":"wp","href":"https:\/\/api.w.org\/{rel}","templated":true}]}}