{"id":3322,"date":"2022-10-14T07:40:22","date_gmt":"2022-10-14T07:40:22","guid":{"rendered":"https:\/\/cpcorella.educacion.navarra.es\/blogs\/tercero\/?p=3322"},"modified":"2022-10-14T11:34:53","modified_gmt":"2022-10-14T11:34:53","slug":"viernes-14-de-octubre","status":"publish","type":"post","link":"https:\/\/cpcorella.educacion.navarra.es\/blogs\/tercero\/2022\/10\/14\/viernes-14-de-octubre\/","title":{"rendered":"VIERNES 14 DE OCTUBRE"},"content":{"rendered":"\n<p><img loading=\"lazy\" width=\"989\" height=\"982\" class=\"wp-image-2660\" style=\"width: 181px\" src=\"https:\/\/cpcorella.educacion.navarra.es\/blogs\/tercero\/files\/2022\/01\/SmartSelect_20201204-100256_Bitmoji.jpg\" alt=\"\" srcset=\"https:\/\/cpcorella.educacion.navarra.es\/blogs\/tercero\/files\/2022\/01\/SmartSelect_20201204-100256_Bitmoji.jpg 989w, https:\/\/cpcorella.educacion.navarra.es\/blogs\/tercero\/files\/2022\/01\/SmartSelect_20201204-100256_Bitmoji-300x298.jpg 300w, https:\/\/cpcorella.educacion.navarra.es\/blogs\/tercero\/files\/2022\/01\/SmartSelect_20201204-100256_Bitmoji-150x150.jpg 150w, https:\/\/cpcorella.educacion.navarra.es\/blogs\/tercero\/files\/2022\/01\/SmartSelect_20201204-100256_Bitmoji-768x763.jpg 768w, https:\/\/cpcorella.educacion.navarra.es\/blogs\/tercero\/files\/2022\/01\/SmartSelect_20201204-100256_Bitmoji-302x300.jpg 302w\" sizes=\"(max-width: 989px) 100vw, 989px\" \/><\/p>\n\n\n\n<p><strong>TALLER DE MATEM\u00c1TICAS TEMA 11<\/strong><\/p>\n\n\n\n<p><strong><a href=\"https:\/\/edubook.vicensvives.com\/b\/3220\/a12faba1-f183-4d6b-ad32-2ce99cb5de83\/dba77ae9-d0d2-467a-abb8-112aeeaec4e6\/flipbook\/8?classId=5d121b58-01d9-44da-9055-01ccf898066d&amp;userBookId=09504223-5f67-4515-8a70-70066c6bd483\">\u00c1REA DE CUADRADOS Y RECT\u00c1NGULOS<\/a><\/strong><\/p>\n\n\n\n<p><strong>Ejercicio 18. P\u00e1gina 175.<\/strong><\/p>\n\n\n\n<p><strong>Cuaderno de Actividades. P\u00e1ginas 74 y 75: ejercicios 13 y 14.<\/strong><\/p>\n\n\n\n<p><strong>DEBERES<\/strong><\/p>\n\n\n\n<p><strong>DIVIDE. PRUEBA<\/strong><\/p>\n\n\n\n<p><strong>30.548 : 6<\/strong><\/p>\n\n\n\n<p><strong>Copia el <a href=\"https:\/\/edubook.vicensvives.com\/b\/3220\/a12faba1-f183-4d6b-ad32-2ce99cb5de83\/910c528d-6aa6-42c4-bdc1-74405fd9ad02\/flipbook\/16?classId=5d121b58-01d9-44da-9055-01ccf898066d&amp;userBookId=09504223-5f67-4515-8a70-70066c6bd483\">PROBLEMA 4<\/a> de la p\u00e1gina 183. <\/strong><\/p>\n\n\n\n<p><strong>Resuelve siguiendo los pasos.<\/strong><\/p>\n\n\n\n<p><strong>LENGUA. TEMAS 1 y 2<\/strong><\/p>\n\n\n\n<p><img loading=\"lazy\" width=\"989\" height=\"991\" class=\"wp-image-2430\" style=\"width: 100px\" src=\"https:\/\/cpcorella.educacion.navarra.es\/blogs\/tercero\/files\/2021\/06\/SmartSelect_20210528-153324_Bitmoji-1.jpg\" alt=\"\" srcset=\"https:\/\/cpcorella.educacion.navarra.es\/blogs\/tercero\/files\/2021\/06\/SmartSelect_20210528-153324_Bitmoji-1.jpg 989w, https:\/\/cpcorella.educacion.navarra.es\/blogs\/tercero\/files\/2021\/06\/SmartSelect_20210528-153324_Bitmoji-1-300x300.jpg 300w, https:\/\/cpcorella.educacion.navarra.es\/blogs\/tercero\/files\/2021\/06\/SmartSelect_20210528-153324_Bitmoji-1-150x150.jpg 150w, https:\/\/cpcorella.educacion.navarra.es\/blogs\/tercero\/files\/2021\/06\/SmartSelect_20210528-153324_Bitmoji-1-768x770.jpg 768w, https:\/\/cpcorella.educacion.navarra.es\/blogs\/tercero\/files\/2021\/06\/SmartSelect_20210528-153324_Bitmoji-1-299x300.jpg 299w\" sizes=\"(max-width: 989px) 100vw, 989px\" \/> <strong>Realizaci\u00f3n del examen de estos temas.<\/strong><\/p>\n\n\n\n<p><img loading=\"lazy\" width=\"974\" height=\"981\" class=\"wp-image-2908\" style=\"width: 150px\" src=\"https:\/\/cpcorella.educacion.navarra.es\/blogs\/tercero\/files\/2022\/03\/SmartSelect_20210528-153343_Bitmoji.jpg\" alt=\"\" srcset=\"https:\/\/cpcorella.educacion.navarra.es\/blogs\/tercero\/files\/2022\/03\/SmartSelect_20210528-153343_Bitmoji.jpg 974w, https:\/\/cpcorella.educacion.navarra.es\/blogs\/tercero\/files\/2022\/03\/SmartSelect_20210528-153343_Bitmoji-298x300.jpg 298w, https:\/\/cpcorella.educacion.navarra.es\/blogs\/tercero\/files\/2022\/03\/SmartSelect_20210528-153343_Bitmoji-150x150.jpg 150w, https:\/\/cpcorella.educacion.navarra.es\/blogs\/tercero\/files\/2022\/03\/SmartSelect_20210528-153343_Bitmoji-768x774.jpg 768w\" sizes=\"(max-width: 974px) 100vw, 974px\" \/><strong>VALORES<\/strong> <strong>TEMA 4<\/strong><\/p>\n\n\n\n<p><strong>\u00a1TODOS AL COLE!<\/strong><\/p>\n\n\n\n<p><strong>EL DERECHO A LA EDUCACI\u00d3N<\/strong><\/p>\n\n\n\n<p><strong>CHROMEBOOKS<\/strong><\/p>\n\n\n\n<p><strong><a href=\"https:\/\/es.liveworksheets.com\/sn1871356fe\">QU\u00c9 ES EL RESPETO<\/a><\/strong><\/p>\n\n\n\n<p><strong><a href=\"https:\/\/es.liveworksheets.com\/nc2476139oz\">LAS EMOCIONES, SOPA DE LETRAS<\/a><\/strong><\/p>\n\n\n\n<p><strong><a href=\"https:\/\/es.liveworksheets.com\/ve2673708gl\">LOS VALORES<\/a><\/strong><\/p>\n\n\n\n<p><strong>PL\u00c1STICA<\/strong><\/p>\n\n\n\n<p><strong>GEOMETR\u00cdA. EL \u00c1REA Y EL PER\u00cdMETRO.<\/strong><\/p>\n\n\n\n<p><strong>CUADR\u00cdCULAS.<\/strong><\/p>\n","protected":false},"excerpt":{"rendered":"<p>TALLER DE MATEM\u00c1TICAS TEMA 11 \u00c1REA DE CUADRADOS Y RECT\u00c1NGULOS Ejercicio 18. P\u00e1gina 175. Cuaderno de Actividades. P\u00e1ginas 74 y 75: ejercicios 13 y 14. DEBERES DIVIDE. PRUEBA 30.548 : 6 Copia el PROBLEMA 4 de la p\u00e1gina 183. Resuelve &hellip; <a href=\"https:\/\/cpcorella.educacion.navarra.es\/blogs\/tercero\/2022\/10\/14\/viernes-14-de-octubre\/\">Sigue leyendo <span class=\"meta-nav\">&rarr;<\/span><\/a><\/p>\n","protected":false},"author":35,"featured_media":0,"comment_status":"closed","ping_status":"closed","sticky":false,"template":"","format":"standard","meta":[],"categories":[27],"tags":[],"_links":{"self":[{"href":"https:\/\/cpcorella.educacion.navarra.es\/blogs\/tercero\/wp-json\/wp\/v2\/posts\/3322"}],"collection":[{"href":"https:\/\/cpcorella.educacion.navarra.es\/blogs\/tercero\/wp-json\/wp\/v2\/posts"}],"about":[{"href":"https:\/\/cpcorella.educacion.navarra.es\/blogs\/tercero\/wp-json\/wp\/v2\/types\/post"}],"author":[{"embeddable":true,"href":"https:\/\/cpcorella.educacion.navarra.es\/blogs\/tercero\/wp-json\/wp\/v2\/users\/35"}],"replies":[{"embeddable":true,"href":"https:\/\/cpcorella.educacion.navarra.es\/blogs\/tercero\/wp-json\/wp\/v2\/comments?post=3322"}],"version-history":[{"count":8,"href":"https:\/\/cpcorella.educacion.navarra.es\/blogs\/tercero\/wp-json\/wp\/v2\/posts\/3322\/revisions"}],"predecessor-version":[{"id":3339,"href":"https:\/\/cpcorella.educacion.navarra.es\/blogs\/tercero\/wp-json\/wp\/v2\/posts\/3322\/revisions\/3339"}],"wp:attachment":[{"href":"https:\/\/cpcorella.educacion.navarra.es\/blogs\/tercero\/wp-json\/wp\/v2\/media?parent=3322"}],"wp:term":[{"taxonomy":"category","embeddable":true,"href":"https:\/\/cpcorella.educacion.navarra.es\/blogs\/tercero\/wp-json\/wp\/v2\/categories?post=3322"},{"taxonomy":"post_tag","embeddable":true,"href":"https:\/\/cpcorella.educacion.navarra.es\/blogs\/tercero\/wp-json\/wp\/v2\/tags?post=3322"}],"curies":[{"name":"wp","href":"https:\/\/api.w.org\/{rel}","templated":true}]}}