{"id":3293,"date":"2022-10-07T06:58:38","date_gmt":"2022-10-07T06:58:38","guid":{"rendered":"https:\/\/cpcorella.educacion.navarra.es\/blogs\/tercero\/?p=3293"},"modified":"2022-10-07T08:46:02","modified_gmt":"2022-10-07T08:46:02","slug":"viernes-7-de-octubre","status":"publish","type":"post","link":"https:\/\/cpcorella.educacion.navarra.es\/blogs\/tercero\/2022\/10\/07\/viernes-7-de-octubre\/","title":{"rendered":"VIERNES 7 DE OCTUBRE"},"content":{"rendered":"\n<p><img loading=\"lazy\" width=\"989\" height=\"982\" class=\"wp-image-2660\" style=\"width: 150px\" src=\"https:\/\/cpcorella.educacion.navarra.es\/blogs\/tercero\/files\/2022\/01\/SmartSelect_20201204-100256_Bitmoji.jpg\" alt=\"\" srcset=\"https:\/\/cpcorella.educacion.navarra.es\/blogs\/tercero\/files\/2022\/01\/SmartSelect_20201204-100256_Bitmoji.jpg 989w, https:\/\/cpcorella.educacion.navarra.es\/blogs\/tercero\/files\/2022\/01\/SmartSelect_20201204-100256_Bitmoji-300x298.jpg 300w, https:\/\/cpcorella.educacion.navarra.es\/blogs\/tercero\/files\/2022\/01\/SmartSelect_20201204-100256_Bitmoji-150x150.jpg 150w, https:\/\/cpcorella.educacion.navarra.es\/blogs\/tercero\/files\/2022\/01\/SmartSelect_20201204-100256_Bitmoji-768x763.jpg 768w, https:\/\/cpcorella.educacion.navarra.es\/blogs\/tercero\/files\/2022\/01\/SmartSelect_20201204-100256_Bitmoji-302x300.jpg 302w\" sizes=\"(max-width: 989px) 100vw, 989px\" \/><\/p>\n\n\n\n<p><strong>TALLER DE MATEM\u00c1TICAS <\/strong><\/p>\n\n\n\n<p><strong>Examen de PROBLEMAS. TEMA 9<\/strong> <img loading=\"lazy\" width=\"999\" height=\"976\" class=\"wp-image-2945\" style=\"width: 123px\" src=\"https:\/\/cpcorella.educacion.navarra.es\/blogs\/tercero\/files\/2022\/03\/SmartSelect_20210528-153054_Bitmoji.jpg\" alt=\"\" srcset=\"https:\/\/cpcorella.educacion.navarra.es\/blogs\/tercero\/files\/2022\/03\/SmartSelect_20210528-153054_Bitmoji.jpg 999w, https:\/\/cpcorella.educacion.navarra.es\/blogs\/tercero\/files\/2022\/03\/SmartSelect_20210528-153054_Bitmoji-300x293.jpg 300w, https:\/\/cpcorella.educacion.navarra.es\/blogs\/tercero\/files\/2022\/03\/SmartSelect_20210528-153054_Bitmoji-768x750.jpg 768w, https:\/\/cpcorella.educacion.navarra.es\/blogs\/tercero\/files\/2022\/03\/SmartSelect_20210528-153054_Bitmoji-307x300.jpg 307w\" sizes=\"(max-width: 999px) 100vw, 999px\" \/><\/p>\n\n\n\n<p><strong>TALLER DE LENGUA<\/strong><\/p>\n\n\n\n<p><strong>Examen COMPRENSI\u00d3N LECTORA. TEMAS 1 y 2.<\/strong><\/p>\n\n\n\n<p><strong>VALORES<\/strong><\/p>\n\n\n\n<p><strong>TODO SOBRE M\u00cd. <\/strong><\/p>\n\n\n\n<p><img loading=\"lazy\" width=\"440\" height=\"553\" class=\"wp-image-3301\" style=\"width: 189px\" src=\"https:\/\/cpcorella.educacion.navarra.es\/blogs\/tercero\/files\/2022\/10\/341c289551691cedc69d6dd1bc56f26a.jpg\" alt=\"\" srcset=\"https:\/\/cpcorella.educacion.navarra.es\/blogs\/tercero\/files\/2022\/10\/341c289551691cedc69d6dd1bc56f26a.jpg 440w, https:\/\/cpcorella.educacion.navarra.es\/blogs\/tercero\/files\/2022\/10\/341c289551691cedc69d6dd1bc56f26a-239x300.jpg 239w\" sizes=\"(max-width: 440px) 100vw, 440px\" \/>   <strong>AUTORRETRATO<\/strong><\/p>\n\n\n\n<p><strong><a href=\"https:\/\/www.youtube.com\/watch?v=b1W4h6Jq0Os\">C\u00d3MO HACER UN AUTORRETRATO<\/a><\/strong><\/p>\n\n\n\n<p><strong>PL\u00c1STICA<\/strong><\/p>\n\n\n\n<p><strong>D\u00cdA MUNDIAL DE LA SONRISA<\/strong>. <strong><a href=\"https:\/\/www.youtube.com\/watch?v=K9vvNTegKmU\">V\u00cdDEO<\/a><\/strong><\/p>\n\n\n\n<div class=\"wp-block-image\"><figure class=\"aligncenter size-full is-resized\"><img loading=\"lazy\" src=\"https:\/\/cpcorella.educacion.navarra.es\/blogs\/tercero\/files\/2022\/10\/Dia-Mundial-de-la-Sonrisa.jpg\" alt=\"\" class=\"wp-image-3299\" width=\"507\" height=\"333\" srcset=\"https:\/\/cpcorella.educacion.navarra.es\/blogs\/tercero\/files\/2022\/10\/Dia-Mundial-de-la-Sonrisa.jpg 620w, https:\/\/cpcorella.educacion.navarra.es\/blogs\/tercero\/files\/2022\/10\/Dia-Mundial-de-la-Sonrisa-300x197.jpg 300w, https:\/\/cpcorella.educacion.navarra.es\/blogs\/tercero\/files\/2022\/10\/Dia-Mundial-de-la-Sonrisa-457x300.jpg 457w\" sizes=\"(max-width: 507px) 100vw, 507px\" \/><\/figure><\/div>\n","protected":false},"excerpt":{"rendered":"<p>TALLER DE MATEM\u00c1TICAS Examen de PROBLEMAS. TEMA 9 TALLER DE LENGUA Examen COMPRENSI\u00d3N LECTORA. TEMAS 1 y 2. VALORES TODO SOBRE M\u00cd. AUTORRETRATO C\u00d3MO HACER UN AUTORRETRATO PL\u00c1STICA D\u00cdA MUNDIAL DE LA SONRISA. V\u00cdDEO<\/p>\n","protected":false},"author":35,"featured_media":0,"comment_status":"closed","ping_status":"closed","sticky":false,"template":"","format":"standard","meta":[],"categories":[27],"tags":[],"_links":{"self":[{"href":"https:\/\/cpcorella.educacion.navarra.es\/blogs\/tercero\/wp-json\/wp\/v2\/posts\/3293"}],"collection":[{"href":"https:\/\/cpcorella.educacion.navarra.es\/blogs\/tercero\/wp-json\/wp\/v2\/posts"}],"about":[{"href":"https:\/\/cpcorella.educacion.navarra.es\/blogs\/tercero\/wp-json\/wp\/v2\/types\/post"}],"author":[{"embeddable":true,"href":"https:\/\/cpcorella.educacion.navarra.es\/blogs\/tercero\/wp-json\/wp\/v2\/users\/35"}],"replies":[{"embeddable":true,"href":"https:\/\/cpcorella.educacion.navarra.es\/blogs\/tercero\/wp-json\/wp\/v2\/comments?post=3293"}],"version-history":[{"count":4,"href":"https:\/\/cpcorella.educacion.navarra.es\/blogs\/tercero\/wp-json\/wp\/v2\/posts\/3293\/revisions"}],"predecessor-version":[{"id":3304,"href":"https:\/\/cpcorella.educacion.navarra.es\/blogs\/tercero\/wp-json\/wp\/v2\/posts\/3293\/revisions\/3304"}],"wp:attachment":[{"href":"https:\/\/cpcorella.educacion.navarra.es\/blogs\/tercero\/wp-json\/wp\/v2\/media?parent=3293"}],"wp:term":[{"taxonomy":"category","embeddable":true,"href":"https:\/\/cpcorella.educacion.navarra.es\/blogs\/tercero\/wp-json\/wp\/v2\/categories?post=3293"},{"taxonomy":"post_tag","embeddable":true,"href":"https:\/\/cpcorella.educacion.navarra.es\/blogs\/tercero\/wp-json\/wp\/v2\/tags?post=3293"}],"curies":[{"name":"wp","href":"https:\/\/api.w.org\/{rel}","templated":true}]}}