{"id":3280,"date":"2022-10-05T06:49:47","date_gmt":"2022-10-05T06:49:47","guid":{"rendered":"https:\/\/cpcorella.educacion.navarra.es\/blogs\/tercero\/?p=3280"},"modified":"2022-10-05T11:04:38","modified_gmt":"2022-10-05T11:04:38","slug":"miercoles-5-de-octubre","status":"publish","type":"post","link":"https:\/\/cpcorella.educacion.navarra.es\/blogs\/tercero\/2022\/10\/05\/miercoles-5-de-octubre\/","title":{"rendered":"MI\u00c9RCOLES 5 DE OCTUBRE"},"content":{"rendered":"\n<p><img loading=\"lazy\" width=\"398\" height=\"398\" class=\"wp-image-3233\" style=\"width: 150px\" src=\"https:\/\/cpcorella.educacion.navarra.es\/blogs\/tercero\/files\/2022\/06\/2af45ed6ec15c9a440d54ffc72f7adfc5aaa246fe8cfa1ce5724b76955082a12.0.png\" alt=\"\" srcset=\"https:\/\/cpcorella.educacion.navarra.es\/blogs\/tercero\/files\/2022\/06\/2af45ed6ec15c9a440d54ffc72f7adfc5aaa246fe8cfa1ce5724b76955082a12.0.png 398w, https:\/\/cpcorella.educacion.navarra.es\/blogs\/tercero\/files\/2022\/06\/2af45ed6ec15c9a440d54ffc72f7adfc5aaa246fe8cfa1ce5724b76955082a12.0-300x300.png 300w, https:\/\/cpcorella.educacion.navarra.es\/blogs\/tercero\/files\/2022\/06\/2af45ed6ec15c9a440d54ffc72f7adfc5aaa246fe8cfa1ce5724b76955082a12.0-150x150.png 150w\" sizes=\"(max-width: 398px) 100vw, 398px\" \/><\/p>\n\n\n\n<p><strong>MATEM\u00c1TICAS TEMA 10<\/strong><\/p>\n\n\n\n<p><strong>C\u00e1lculo Mental.<\/strong><\/p>\n\n\n\n<p><strong>Corregir deberes d\u00edas anteriores. Cuaderno de Actividades. P\u00e1ginas 71 y 72.<\/strong><\/p>\n\n\n\n<p><strong>Realizar en <a href=\"https:\/\/edubook.vicensvives.com\/b\/section\/336cfdfb-bd85-481a-8891-baf8353c31ad\/mauthor\/4616476752478208?classId=5d121b58-01d9-44da-9055-01ccf898066d&amp;page=1&amp;showNavigation=true&amp;userBookId=09504223-5f67-4515-8a70-70066c6bd483\">EDUBOOK<\/a> y cuaderno los ejercicios 7, 8 y 9 del libro. P\u00e1gina 172. <\/strong><\/p>\n\n\n\n<p><strong>P.3 CONSTRUCCI\u00d3N DE TRI\u00c1NGULOS<\/strong><\/p>\n\n\n\n<p><strong><a href=\"https:\/\/edubook.vicensvives.com\/b\/section\/0aa55cd2-589f-490f-a377-c94649a415ee\/video\/6433a8a7-96e5-472f-b568-37246cb86b17\">V\u00cdDEO<\/a><\/strong><\/p>\n\n\n\n<p><strong>DEBERES<\/strong><\/p>\n\n\n\n<p><strong>Acabar lo no realizado en clase.<\/strong><\/p>\n\n\n\n<p><strong>DIVIDE Y HAZ LA PRUEBA. 40.065 : 7<\/strong><\/p>\n\n\n\n<p><strong>Copia el PROBLEMA 2 de la p\u00e1gina 183. Resuelve siguiendo las pautas.<\/strong><\/p>\n\n\n\n<p><strong>LENGUA TEMAS 1 y 2<\/strong><\/p>\n\n\n\n<p><strong>GRAM\u00c1TICA<\/strong><\/p>\n\n\n\n<p><strong>Corregir el ejercicio 9 de la p\u00e1gina 26 del libro.<\/strong><\/p>\n\n\n\n<p><strong>Realizar el 10.<a href=\"https:\/\/edubook.vicensvives.com\/b\/3158\/1db19df1-2e0e-4483-a2c7-00b21fc77c6e\/a32c2df2-9f0b-4186-bb97-f29649b30c8b\/activities?classId=a4c4abe1-3a1e-460f-a679-a0768d8b4c46&amp;userBookId=8bf3aa0d-8c67-4a4b-abb3-57757c954c01\"> EDUBOOK<\/a><\/strong><\/p>\n\n\n\n<p><strong>VOCABULARIO<\/strong>. <strong><a href=\"https:\/\/edubook.vicensvives.com\/b\/3158\/1db19df1-2e0e-4483-a2c7-00b21fc77c6e\/1498a448-8cf2-440f-bb6a-14fcacf9a783\/flipbook\/10?classId=a4c4abe1-3a1e-460f-a679-a0768d8b4c46&amp;userBookId=8bf3aa0d-8c67-4a4b-abb3-57757c954c01\">LOS SIN\u00d3NIMOS<\/a><\/strong><\/p>\n\n\n\n<p><strong>Trabajar las actividades 11 y 12.<\/strong><\/p>\n\n\n\n<p><strong><a href=\"https:\/\/edubook.vicensvives.com\/b\/3158\/1db19df1-2e0e-4483-a2c7-00b21fc77c6e\/1498a448-8cf2-440f-bb6a-14fcacf9a783\/activities?classId=a4c4abe1-3a1e-460f-a679-a0768d8b4c46&amp;userBookId=8bf3aa0d-8c67-4a4b-abb3-57757c954c01\"> EDUBOOK<\/a><\/strong><\/p>\n\n\n\n<p><strong>DEBERES<\/strong><\/p>\n\n\n\n<p><strong>Leer en voz alta la p\u00e1gina 43 del libro. <a href=\"https:\/\/edubook.vicensvives.com\/b\/3158\/37025b99-3339-4392-8f55-2818ae702b6d\/8c33da32-fa6c-47a8-aa9f-26c45e081bf4\/flipbook\/10?classId=a4c4abe1-3a1e-460f-a679-a0768d8b4c46&amp;userBookId=8bf3aa0d-8c67-4a4b-abb3-57757c954c01\">LOS ANT\u00d3NIMOS.<\/a><\/strong> <\/p>\n\n\n\n<p> <img loading=\"lazy\" width=\"1014\" height=\"1061\" class=\"wp-image-2911\" style=\"width: 150px\" src=\"https:\/\/cpcorella.educacion.navarra.es\/blogs\/tercero\/files\/2022\/03\/SmartSelect_20220323-190542_Gmail.jpg\" alt=\"\" srcset=\"https:\/\/cpcorella.educacion.navarra.es\/blogs\/tercero\/files\/2022\/03\/SmartSelect_20220323-190542_Gmail.jpg 1014w, https:\/\/cpcorella.educacion.navarra.es\/blogs\/tercero\/files\/2022\/03\/SmartSelect_20220323-190542_Gmail-287x300.jpg 287w, https:\/\/cpcorella.educacion.navarra.es\/blogs\/tercero\/files\/2022\/03\/SmartSelect_20220323-190542_Gmail-979x1024.jpg 979w, https:\/\/cpcorella.educacion.navarra.es\/blogs\/tercero\/files\/2022\/03\/SmartSelect_20220323-190542_Gmail-768x804.jpg 768w\" sizes=\"(max-width: 1014px) 100vw, 1014px\" \/><\/p>\n\n\n\n<p><strong>Repasamos  con <a href=\"https:\/\/edubook.vicensvives.com\/b\/3158\/3e732d12-395b-43b9-b085-8a6c610a8ea0\/c0d9a26e-7b5f-45a9-bb8c-735418a0a601\/activities?classId=a4c4abe1-3a1e-460f-a679-a0768d8b4c46&amp;userBookId=8bf3aa0d-8c67-4a4b-abb3-57757c954c01\">EDUBOOK.<\/a><\/strong> <strong><a href=\"https:\/\/edubook.vicensvives.com\/b\/3158\/3e732d12-395b-43b9-b085-8a6c610a8ea0\/c0d9a26e-7b5f-45a9-bb8c-735418a0a601\/activities?classId=a4c4abe1-3a1e-460f-a679-a0768d8b4c46&amp;userBookId=8bf3aa0d-8c67-4a4b-abb3-57757c954c01\">El uso de la may\u00fascula.<\/a><\/strong><\/p>\n\n\n\n<p><strong>CIENCIAS<\/strong> <strong>SOCIALES. TEMA 1<\/strong><\/p>\n\n\n\n<p><strong>P.2 <a href=\"https:\/\/edubook.vicensvives.com\/b\/3240\/cd4cf5ad-0715-4a46-8954-84f8fdc6e1eb\/bcccad3e-f3d7-47d0-a45c-9b43e45536ad\/flipbook\/5?classId=33e2dbe3-3791-490c-9f64-c01cf56d37f9&amp;userBookId=8c139afb-fb08-42fe-9abe-5ee6b0ec39b7\">EL TIEMPO ATMOSF\u00c9RICO<\/a><\/strong><\/p>\n\n\n\n<p><strong>Lectura  y explicaci\u00f3n conceptos. Resumen cuaderno.<\/strong><\/p>\n\n\n\n<p><strong><a href=\"https:\/\/www.youtube.com\/watch?v=BUqej91WqJk\">V\u00cdDEO<\/a><\/strong><\/p>\n\n\n\n<p><strong>Actividades con <a href=\"https:\/\/edubook.vicensvives.com\/b\/3240\/cd4cf5ad-0715-4a46-8954-84f8fdc6e1eb\/bcccad3e-f3d7-47d0-a45c-9b43e45536ad\/activities?classId=33e2dbe3-3791-490c-9f64-c01cf56d37f9&amp;userBookId=8c139afb-fb08-42fe-\">EDUBOOK<\/a><\/strong><\/p>\n\n\n\n<p><strong>Preguntas orales sobre el punto 1. La atm\u00f3sfera.<\/strong><\/p>\n\n\n\n<p><strong>DEBERES<\/strong><\/p>\n\n\n\n<p><strong>Repasar con <a href=\"https:\/\/edubook.vicensvives.com\/b\/3240\/cd4cf5ad-0715-4a46-8954-84f8fdc6e1eb\/bcccad3e-f3d7-47d0-a45c-9b43e45536ad\/activities?classId=33e2dbe3-3791-490c-9f64-c01cf56d37f9&amp;userBookId=8c139afb-fb08-42fe-\">EDUBOOK<\/a>.<\/strong>  <img loading=\"lazy\" width=\"957\" height=\"967\" class=\"wp-image-2902\" style=\"width: 150px\" src=\"https:\/\/cpcorella.educacion.navarra.es\/blogs\/tercero\/files\/2022\/03\/SmartSelect_20210528-153941_Bitmoji.jpg\" alt=\"\" srcset=\"https:\/\/cpcorella.educacion.navarra.es\/blogs\/tercero\/files\/2022\/03\/SmartSelect_20210528-153941_Bitmoji.jpg 957w, https:\/\/cpcorella.educacion.navarra.es\/blogs\/tercero\/files\/2022\/03\/SmartSelect_20210528-153941_Bitmoji-297x300.jpg 297w, https:\/\/cpcorella.educacion.navarra.es\/blogs\/tercero\/files\/2022\/03\/SmartSelect_20210528-153941_Bitmoji-768x776.jpg 768w\" sizes=\"(max-width: 957px) 100vw, 957px\" \/><\/p>\n","protected":false},"excerpt":{"rendered":"<p>MATEM\u00c1TICAS TEMA 10 C\u00e1lculo Mental. Corregir deberes d\u00edas anteriores. Cuaderno de Actividades. P\u00e1ginas 71 y 72. Realizar en EDUBOOK y cuaderno los ejercicios 7, 8 y 9 del libro. P\u00e1gina 172. P.3 CONSTRUCCI\u00d3N DE TRI\u00c1NGULOS V\u00cdDEO DEBERES Acabar lo no &hellip; <a href=\"https:\/\/cpcorella.educacion.navarra.es\/blogs\/tercero\/2022\/10\/05\/miercoles-5-de-octubre\/\">Sigue leyendo <span class=\"meta-nav\">&rarr;<\/span><\/a><\/p>\n","protected":false},"author":35,"featured_media":0,"comment_status":"closed","ping_status":"closed","sticky":false,"template":"","format":"standard","meta":[],"categories":[27],"tags":[],"_links":{"self":[{"href":"https:\/\/cpcorella.educacion.navarra.es\/blogs\/tercero\/wp-json\/wp\/v2\/posts\/3280"}],"collection":[{"href":"https:\/\/cpcorella.educacion.navarra.es\/blogs\/tercero\/wp-json\/wp\/v2\/posts"}],"about":[{"href":"https:\/\/cpcorella.educacion.navarra.es\/blogs\/tercero\/wp-json\/wp\/v2\/types\/post"}],"author":[{"embeddable":true,"href":"https:\/\/cpcorella.educacion.navarra.es\/blogs\/tercero\/wp-json\/wp\/v2\/users\/35"}],"replies":[{"embeddable":true,"href":"https:\/\/cpcorella.educacion.navarra.es\/blogs\/tercero\/wp-json\/wp\/v2\/comments?post=3280"}],"version-history":[{"count":2,"href":"https:\/\/cpcorella.educacion.navarra.es\/blogs\/tercero\/wp-json\/wp\/v2\/posts\/3280\/revisions"}],"predecessor-version":[{"id":3286,"href":"https:\/\/cpcorella.educacion.navarra.es\/blogs\/tercero\/wp-json\/wp\/v2\/posts\/3280\/revisions\/3286"}],"wp:attachment":[{"href":"https:\/\/cpcorella.educacion.navarra.es\/blogs\/tercero\/wp-json\/wp\/v2\/media?parent=3280"}],"wp:term":[{"taxonomy":"category","embeddable":true,"href":"https:\/\/cpcorella.educacion.navarra.es\/blogs\/tercero\/wp-json\/wp\/v2\/categories?post=3280"},{"taxonomy":"post_tag","embeddable":true,"href":"https:\/\/cpcorella.educacion.navarra.es\/blogs\/tercero\/wp-json\/wp\/v2\/tags?post=3280"}],"curies":[{"name":"wp","href":"https:\/\/api.w.org\/{rel}","templated":true}]}}