{"id":3273,"date":"2022-10-04T08:38:39","date_gmt":"2022-10-04T08:38:39","guid":{"rendered":"https:\/\/cpcorella.educacion.navarra.es\/blogs\/tercero\/?p=3273"},"modified":"2022-10-04T11:19:04","modified_gmt":"2022-10-04T11:19:04","slug":"martes-4-de-octubre","status":"publish","type":"post","link":"https:\/\/cpcorella.educacion.navarra.es\/blogs\/tercero\/2022\/10\/04\/martes-4-de-octubre\/","title":{"rendered":"MARTES 4 DE OCTUBRE"},"content":{"rendered":"\n<p><img loading=\"lazy\" width=\"989\" height=\"987\" class=\"wp-image-3207\" style=\"width: 150px\" src=\"https:\/\/cpcorella.educacion.navarra.es\/blogs\/tercero\/files\/2022\/06\/SmartSelect_20210325-203508_Bitmoji.jpg\" alt=\"\" srcset=\"https:\/\/cpcorella.educacion.navarra.es\/blogs\/tercero\/files\/2022\/06\/SmartSelect_20210325-203508_Bitmoji.jpg 989w, https:\/\/cpcorella.educacion.navarra.es\/blogs\/tercero\/files\/2022\/06\/SmartSelect_20210325-203508_Bitmoji-300x300.jpg 300w, https:\/\/cpcorella.educacion.navarra.es\/blogs\/tercero\/files\/2022\/06\/SmartSelect_20210325-203508_Bitmoji-150x150.jpg 150w, https:\/\/cpcorella.educacion.navarra.es\/blogs\/tercero\/files\/2022\/06\/SmartSelect_20210325-203508_Bitmoji-768x766.jpg 768w, https:\/\/cpcorella.educacion.navarra.es\/blogs\/tercero\/files\/2022\/06\/SmartSelect_20210325-203508_Bitmoji-301x300.jpg 301w\" sizes=\"(max-width: 989px) 100vw, 989px\" \/><\/p>\n\n\n\n<p><strong>LENGUA TEMAS 1 Y 2<\/strong><\/p>\n\n\n\n<p><strong>GRAM\u00c1TICA. EL G\u00c9NERO Y N\u00daMERO DE LOS NOMBRES<\/strong><\/p>\n\n\n\n<p><strong>Libro, p\u00e1ginas 25 y 26.<\/strong> <strong><a href=\"https:\/\/edubook.vicensvives.com\/b\/3158\/1db19df1-2e0e-4483-a2c7-00b21fc77c6e\/641a71b6-d151-42cb-b3e5-d8009f1927fc\/flipbook\/8?classId=a4c4abe1-3a1e-460f-a679-a0768d8b4c46&amp;userBookId=8bf3aa0d-8c67-4a4b-abb3-57757c954c01\">EDUBOOK<\/a><\/strong><\/p>\n\n\n\n<p><strong>Usuario: cpciudaddecorella4<\/strong><\/p>\n\n\n\n<p><strong>Contrase\u00f1a: 1234567<\/strong><\/p>\n\n\n\n<p><strong>Tecleamos en el cuadro que aparece m\u00e1s abajo: LIBROS DE CURSOS ANTERIORES<\/strong>.<\/p>\n\n\n\n<p><strong>Aparecer\u00e1n los libros de 4\u00ba.<\/strong><\/p>\n\n\n\n<p><strong>Cuadros de teor\u00eda y aplicar en ejercicios.<\/strong><\/p>\n\n\n\n<p><strong>DEBERES<\/strong><\/p>\n\n\n\n<p><strong>Realizar en el cuaderno, el ejercicio 9 del libro. P\u00e1gina 26.<\/strong><\/p>\n\n\n\n<p><strong>Aplicaci\u00f3n de los contenidos con LIVEWORKSHEETS<\/strong><\/p>\n\n\n\n<p><strong><a href=\"https:\/\/es.liveworksheets.com\/ea1338157ps\">EL G\u00c9NERO Y EL N\u00daMERO DE LOS NOMBRES<\/a><\/strong><\/p>\n\n\n\n<p><strong><a href=\"https:\/\/es.liveworksheets.com\/aj1560261rc\">EL G\u00c9NERO<\/a><\/strong><\/p>\n\n\n\n<p><img loading=\"lazy\" width=\"398\" height=\"398\" class=\"wp-image-2638\" style=\"width: 150px\" src=\"https:\/\/cpcorella.educacion.navarra.es\/blogs\/tercero\/files\/2022\/01\/0b7c919bfee7ef4c0afffcf3b363b9040695292e7099486486f1d16e8d1c2486.0.png\" alt=\"\" srcset=\"https:\/\/cpcorella.educacion.navarra.es\/blogs\/tercero\/files\/2022\/01\/0b7c919bfee7ef4c0afffcf3b363b9040695292e7099486486f1d16e8d1c2486.0.png 398w, https:\/\/cpcorella.educacion.navarra.es\/blogs\/tercero\/files\/2022\/01\/0b7c919bfee7ef4c0afffcf3b363b9040695292e7099486486f1d16e8d1c2486.0-300x300.png 300w, https:\/\/cpcorella.educacion.navarra.es\/blogs\/tercero\/files\/2022\/01\/0b7c919bfee7ef4c0afffcf3b363b9040695292e7099486486f1d16e8d1c2486.0-150x150.png 150w\" sizes=\"(max-width: 398px) 100vw, 398px\" \/> <strong>MATEM\u00c1TICAS TEMA 10<\/strong><\/p>\n\n\n\n<p><strong>Corregir deberes del d\u00eda anterior.<\/strong><\/p>\n\n\n\n<p><strong>P. 2  CLASES DE TRI\u00c1NGULOS<\/strong><\/p>\n\n\n\n<p><strong>Libro, p\u00e1gina 172.<\/strong><a href=\"https:\/\/edubook.vicensvives.com\/b\/3220\/a12faba1-f183-4d6b-ad32-2ce99cb5de83\/336cfdfb-bd85-481a-8891-baf8353c31ad\/flipbook\/5?classId=5d121b58-01d9-44da-9055-01ccf898066d&amp;userBookId=09504223-5f67-4515-8a70-70066c6bd483\"> <strong>EDUBOOK<\/strong><\/a><\/p>\n\n\n\n<p><strong>DEBERES<\/strong><\/p>\n\n\n\n<p><strong>Cuaderno de Actividades. Acabar la p\u00e1gina 72.<\/strong><\/p>\n\n\n\n<p><strong>SOCIALES TEMA 1<\/strong><\/p>\n\n\n\n<p><strong><a href=\"https:\/\/edubook.vicensvives.com\/b\/3240\/cd4cf5ad-0715-4a46-8954-84f8fdc6e1eb\/bcccad3e-f3d7-47d0-a45c-9b43e45536ad\/flipbook\/5?classId=33e2dbe3-3791-490c-9f64-c01cf56d37f9&amp;userBookId=8c139afb-fb08-42fe-9abe-5ee6b0ec39b7\">EDUBOOK<\/a><\/strong><\/p>\n\n\n\n<p><strong>Leer en voz alta el punto 2. El tiempo atmosf\u00e9rico<\/strong>.<\/p>\n\n\n\n<p><strong>P\u00e1ginas 6 y 7.<\/strong><\/p>\n\n\n\n<p><strong>Estudiar las capas de la atm\u00f3sfera<\/strong> <strong> y c\u00f3mo nos protege. <\/strong><\/p>\n\n\n\n<p><strong><a href=\"https:\/\/edubook.vicensvives.com\/b\/3240\/cd4cf5ad-0715-4a46-8954-84f8fdc6e1eb\/21e01b52-7adc-4d7a-ae88-08b66a2aa629\/flipbook\/3?classId=33e2dbe3-3791-490c-9f64-c01cf56d37f9&amp;userBookId=8c139afb-fb08-42fe-9abe-5ee6b0ec39b7\">P.1 La atm\u00f3sfera nos protege. EDUBOOK.<\/a><\/strong><\/p>\n\n\n\n<p><img loading=\"lazy\" width=\"1014\" height=\"1061\" class=\"wp-image-2911\" style=\"width: 150px\" src=\"https:\/\/cpcorella.educacion.navarra.es\/blogs\/tercero\/files\/2022\/03\/SmartSelect_20220323-190542_Gmail.jpg\" alt=\"\" srcset=\"https:\/\/cpcorella.educacion.navarra.es\/blogs\/tercero\/files\/2022\/03\/SmartSelect_20220323-190542_Gmail.jpg 1014w, https:\/\/cpcorella.educacion.navarra.es\/blogs\/tercero\/files\/2022\/03\/SmartSelect_20220323-190542_Gmail-287x300.jpg 287w, https:\/\/cpcorella.educacion.navarra.es\/blogs\/tercero\/files\/2022\/03\/SmartSelect_20220323-190542_Gmail-979x1024.jpg 979w, https:\/\/cpcorella.educacion.navarra.es\/blogs\/tercero\/files\/2022\/03\/SmartSelect_20220323-190542_Gmail-768x804.jpg 768w\" sizes=\"(max-width: 1014px) 100vw, 1014px\" \/><\/p>\n","protected":false},"excerpt":{"rendered":"<p>LENGUA TEMAS 1 Y 2 GRAM\u00c1TICA. EL G\u00c9NERO Y N\u00daMERO DE LOS NOMBRES Libro, p\u00e1ginas 25 y 26. EDUBOOK Usuario: cpciudaddecorella4 Contrase\u00f1a: 1234567 Tecleamos en el cuadro que aparece m\u00e1s abajo: LIBROS DE CURSOS ANTERIORES. Aparecer\u00e1n los libros de 4\u00ba. &hellip; <a href=\"https:\/\/cpcorella.educacion.navarra.es\/blogs\/tercero\/2022\/10\/04\/martes-4-de-octubre\/\">Sigue leyendo <span class=\"meta-nav\">&rarr;<\/span><\/a><\/p>\n","protected":false},"author":35,"featured_media":0,"comment_status":"closed","ping_status":"closed","sticky":false,"template":"","format":"standard","meta":[],"categories":[27],"tags":[],"_links":{"self":[{"href":"https:\/\/cpcorella.educacion.navarra.es\/blogs\/tercero\/wp-json\/wp\/v2\/posts\/3273"}],"collection":[{"href":"https:\/\/cpcorella.educacion.navarra.es\/blogs\/tercero\/wp-json\/wp\/v2\/posts"}],"about":[{"href":"https:\/\/cpcorella.educacion.navarra.es\/blogs\/tercero\/wp-json\/wp\/v2\/types\/post"}],"author":[{"embeddable":true,"href":"https:\/\/cpcorella.educacion.navarra.es\/blogs\/tercero\/wp-json\/wp\/v2\/users\/35"}],"replies":[{"embeddable":true,"href":"https:\/\/cpcorella.educacion.navarra.es\/blogs\/tercero\/wp-json\/wp\/v2\/comments?post=3273"}],"version-history":[{"count":5,"href":"https:\/\/cpcorella.educacion.navarra.es\/blogs\/tercero\/wp-json\/wp\/v2\/posts\/3273\/revisions"}],"predecessor-version":[{"id":3279,"href":"https:\/\/cpcorella.educacion.navarra.es\/blogs\/tercero\/wp-json\/wp\/v2\/posts\/3273\/revisions\/3279"}],"wp:attachment":[{"href":"https:\/\/cpcorella.educacion.navarra.es\/blogs\/tercero\/wp-json\/wp\/v2\/media?parent=3273"}],"wp:term":[{"taxonomy":"category","embeddable":true,"href":"https:\/\/cpcorella.educacion.navarra.es\/blogs\/tercero\/wp-json\/wp\/v2\/categories?post=3273"},{"taxonomy":"post_tag","embeddable":true,"href":"https:\/\/cpcorella.educacion.navarra.es\/blogs\/tercero\/wp-json\/wp\/v2\/tags?post=3273"}],"curies":[{"name":"wp","href":"https:\/\/api.w.org\/{rel}","templated":true}]}}