{"id":3267,"date":"2022-10-03T08:42:54","date_gmt":"2022-10-03T08:42:54","guid":{"rendered":"https:\/\/cpcorella.educacion.navarra.es\/blogs\/tercero\/?p=3267"},"modified":"2022-10-03T15:17:57","modified_gmt":"2022-10-03T15:17:57","slug":"lunes-3-de-octubre","status":"publish","type":"post","link":"https:\/\/cpcorella.educacion.navarra.es\/blogs\/tercero\/2022\/10\/03\/lunes-3-de-octubre\/","title":{"rendered":"LUNES 3 DE OCTUBRE"},"content":{"rendered":"\n<p><img loading=\"lazy\" width=\"398\" height=\"398\" class=\"wp-image-3235\" style=\"width: 150px\" src=\"https:\/\/cpcorella.educacion.navarra.es\/blogs\/tercero\/files\/2022\/06\/eff56acadfba66d40b36e1c998b73fc5a43045e748a9269e9ac597d05b1dc2fc.0.png\" alt=\"\" srcset=\"https:\/\/cpcorella.educacion.navarra.es\/blogs\/tercero\/files\/2022\/06\/eff56acadfba66d40b36e1c998b73fc5a43045e748a9269e9ac597d05b1dc2fc.0.png 398w, https:\/\/cpcorella.educacion.navarra.es\/blogs\/tercero\/files\/2022\/06\/eff56acadfba66d40b36e1c998b73fc5a43045e748a9269e9ac597d05b1dc2fc.0-300x300.png 300w, https:\/\/cpcorella.educacion.navarra.es\/blogs\/tercero\/files\/2022\/06\/eff56acadfba66d40b36e1c998b73fc5a43045e748a9269e9ac597d05b1dc2fc.0-150x150.png 150w\" sizes=\"(max-width: 398px) 100vw, 398px\" \/><\/p>\n\n\n\n<p><strong>MATEM\u00c1TICAS TEMA 10<\/strong><\/p>\n\n\n\n<p><strong>LOS POL\u00cdGONOS<\/strong><\/p>\n\n\n\n<p><strong>DEBERES<\/strong><\/p>\n\n\n\n<p><strong>MULTIPLICA: 40.321 x 53<\/strong><\/p>\n\n\n\n<p>.<strong>Libro, p\u00e1gina 183. COPIAR PROBLEMA 1 Y RESOLVER<\/strong>.<\/p>\n\n\n\n<p><strong>Acabar p\u00e1ginas 70 y 71 del Cuaderno de Actividades<\/strong>.<\/p>\n\n\n\n<p><strong>LENGUA TEMAS 1 y 2<\/strong><\/p>\n\n\n\n<p><strong>GRAM\u00c1TICA. LAS PALABRAS Y LAS S\u00cdLABAS<\/strong><\/p>\n\n\n\n<p><strong>DEBERES<\/strong><\/p>\n\n\n\n<p><strong>Trabaja con LIVEWORKSHEETS<\/strong><\/p>\n\n\n\n<p><strong><a href=\"https:\/\/es.liveworksheets.com\/na1652376cv\">LAS S\u00cdLABAS<\/a><\/strong><\/p>\n\n\n\n<p><strong><a href=\"https:\/\/es.liveworksheets.com\/zq1414222ir\">\u00bfCU\u00c1NTAS S\u00cdLABAS?<\/a><\/strong><\/p>\n\n\n\n<p><strong><a href=\"https:\/\/es.liveworksheets.com\/zi1727716je\">N\u00daMERO DE S\u00cdLABAS<\/a><\/strong><\/p>\n\n\n\n<p><strong><a href=\"https:\/\/es.liveworksheets.com\/hs3111036bl\">PALABRAS VARIABLES E INVARIABLES<\/a><\/strong><\/p>\n\n\n\n<p><strong>CIENCIAS SOCIALES TEMA 1<\/strong><\/p>\n\n\n\n<p><strong>P1. LA  ATM\u00d3SFERA<\/strong><\/p>\n\n\n\n<p><strong>DEBERES<\/strong><\/p>\n\n\n\n<p><strong>Lectura en VOZ  ALTA de las p\u00e1ginas 4 y 5 del libro.<\/strong><\/p>\n\n\n\n<p><strong>Estudio de los contenidos tratados en clase. Ma\u00f1ana preguntas sobre ellos.<\/strong><img loading=\"lazy\" width=\"957\" height=\"967\" class=\"wp-image-2902\" style=\"width: 150px\" src=\"https:\/\/cpcorella.educacion.navarra.es\/blogs\/tercero\/files\/2022\/03\/SmartSelect_20210528-153941_Bitmoji.jpg\" alt=\"\" srcset=\"https:\/\/cpcorella.educacion.navarra.es\/blogs\/tercero\/files\/2022\/03\/SmartSelect_20210528-153941_Bitmoji.jpg 957w, https:\/\/cpcorella.educacion.navarra.es\/blogs\/tercero\/files\/2022\/03\/SmartSelect_20210528-153941_Bitmoji-297x300.jpg 297w, https:\/\/cpcorella.educacion.navarra.es\/blogs\/tercero\/files\/2022\/03\/SmartSelect_20210528-153941_Bitmoji-768x776.jpg 768w\" sizes=\"(max-width: 957px) 100vw, 957px\" \/><\/p>\n","protected":false},"excerpt":{"rendered":"<p>MATEM\u00c1TICAS TEMA 10 LOS POL\u00cdGONOS DEBERES MULTIPLICA: 40.321 x 53 .Libro, p\u00e1gina 183. COPIAR PROBLEMA 1 Y RESOLVER. Acabar p\u00e1ginas 70 y 71 del Cuaderno de Actividades. LENGUA TEMAS 1 y 2 GRAM\u00c1TICA. LAS PALABRAS Y LAS S\u00cdLABAS DEBERES Trabaja &hellip; <a href=\"https:\/\/cpcorella.educacion.navarra.es\/blogs\/tercero\/2022\/10\/03\/lunes-3-de-octubre\/\">Sigue leyendo <span class=\"meta-nav\">&rarr;<\/span><\/a><\/p>\n","protected":false},"author":35,"featured_media":0,"comment_status":"closed","ping_status":"closed","sticky":false,"template":"","format":"standard","meta":[],"categories":[27],"tags":[],"_links":{"self":[{"href":"https:\/\/cpcorella.educacion.navarra.es\/blogs\/tercero\/wp-json\/wp\/v2\/posts\/3267"}],"collection":[{"href":"https:\/\/cpcorella.educacion.navarra.es\/blogs\/tercero\/wp-json\/wp\/v2\/posts"}],"about":[{"href":"https:\/\/cpcorella.educacion.navarra.es\/blogs\/tercero\/wp-json\/wp\/v2\/types\/post"}],"author":[{"embeddable":true,"href":"https:\/\/cpcorella.educacion.navarra.es\/blogs\/tercero\/wp-json\/wp\/v2\/users\/35"}],"replies":[{"embeddable":true,"href":"https:\/\/cpcorella.educacion.navarra.es\/blogs\/tercero\/wp-json\/wp\/v2\/comments?post=3267"}],"version-history":[{"count":3,"href":"https:\/\/cpcorella.educacion.navarra.es\/blogs\/tercero\/wp-json\/wp\/v2\/posts\/3267\/revisions"}],"predecessor-version":[{"id":3272,"href":"https:\/\/cpcorella.educacion.navarra.es\/blogs\/tercero\/wp-json\/wp\/v2\/posts\/3267\/revisions\/3272"}],"wp:attachment":[{"href":"https:\/\/cpcorella.educacion.navarra.es\/blogs\/tercero\/wp-json\/wp\/v2\/media?parent=3267"}],"wp:term":[{"taxonomy":"category","embeddable":true,"href":"https:\/\/cpcorella.educacion.navarra.es\/blogs\/tercero\/wp-json\/wp\/v2\/categories?post=3267"},{"taxonomy":"post_tag","embeddable":true,"href":"https:\/\/cpcorella.educacion.navarra.es\/blogs\/tercero\/wp-json\/wp\/v2\/tags?post=3267"}],"curies":[{"name":"wp","href":"https:\/\/api.w.org\/{rel}","templated":true}]}}