{"id":3198,"date":"2022-06-10T06:56:52","date_gmt":"2022-06-10T06:56:52","guid":{"rendered":"https:\/\/cpcorella.educacion.navarra.es\/blogs\/tercero\/?p=3198"},"modified":"2022-06-10T08:47:19","modified_gmt":"2022-06-10T08:47:19","slug":"trabajo-de-clase-viernes-10-de-junio","status":"publish","type":"post","link":"https:\/\/cpcorella.educacion.navarra.es\/blogs\/tercero\/2022\/06\/10\/trabajo-de-clase-viernes-10-de-junio\/","title":{"rendered":"TRABAJO DE CLASE VIERNES 10 DE JUNIO"},"content":{"rendered":"\n<p><img loading=\"lazy\" width=\"1024\" height=\"1056\" class=\"wp-image-2909\" style=\"width: 190px\" src=\"https:\/\/cpcorella.educacion.navarra.es\/blogs\/tercero\/files\/2022\/03\/SmartSelect_20220323-190529_Gmail.jpg\" alt=\"\" srcset=\"https:\/\/cpcorella.educacion.navarra.es\/blogs\/tercero\/files\/2022\/03\/SmartSelect_20220323-190529_Gmail.jpg 1024w, https:\/\/cpcorella.educacion.navarra.es\/blogs\/tercero\/files\/2022\/03\/SmartSelect_20220323-190529_Gmail-291x300.jpg 291w, https:\/\/cpcorella.educacion.navarra.es\/blogs\/tercero\/files\/2022\/03\/SmartSelect_20220323-190529_Gmail-993x1024.jpg 993w, https:\/\/cpcorella.educacion.navarra.es\/blogs\/tercero\/files\/2022\/03\/SmartSelect_20220323-190529_Gmail-768x792.jpg 768w\" sizes=\"(max-width: 1024px) 100vw, 1024px\" \/><\/p>\n\n\n\n<p><strong>SESI\u00d3N 1 TALLER DE MATEM\u00c1TICAS<\/strong><\/p>\n\n\n\n<p><strong>TEMA 12<\/strong><\/p>\n\n\n\n<p><strong><a href=\"https:\/\/edubook.vicensvives.com\/b\/3144\/87821794-ef20-4767-a5d1-f289c33b391a\/a1f27a65-46e9-491c-9c3b-ba314ca7dec7\/flipbook\/7\">CUERPOS REDONDOS<\/a><\/strong><\/p>\n\n\n\n<p><strong><a href=\"https:\/\/edubook.vicensvives.com\/b\/3144\/87821794-ef20-4767-a5d1-f289c33b391a\/a1f27a65-46e9-491c-9c3b-ba314ca7dec7\/multimedia\">V\u00cdDEO<\/a><\/strong><\/p>\n\n\n\n<p><strong><a href=\"https:\/\/edubook.vicensvives.com\/b\/3144\/87821794-ef20-4767-a5d1-f289c33b391a\/a1f27a65-46e9-491c-9c3b-ba314ca7dec7\/activities\">ACTIVIDADES EDUBOOK<\/a><\/strong><\/p>\n\n\n\n<p><strong>PRACTICA CON LIVEWORKSHEETS<\/strong>:<\/p>\n\n\n\n<p><strong><a href=\"https:\/\/es.liveworksheets.com\/qb777250vz\">CUERPOS REDONDOS<\/a><\/strong><\/p>\n\n\n\n<p><strong><a href=\"https:\/\/es.liveworksheets.com\/bj546743mh\">CUERPOS REDONDOS<\/a><\/strong><\/p>\n\n\n\n<p><strong><a href=\"https:\/\/es.liveworksheets.com\/bn2139566kd\">DISCRIMINA CUERPOS REDONDOS<\/a><\/strong><\/p>\n\n\n\n<p><strong>COMPRENSI\u00d3N<\/strong> <strong>LECTORA<\/strong><\/p>\n\n\n\n<p><strong><a href=\"https:\/\/es.liveworksheets.com\/pb513829ev\">\u00abJACOBO SALE A BUSCAR IDEAS\u00bb<\/a><\/strong><\/p>\n\n\n\n<p><strong>Puedes acabar la lectura en casa y mand\u00e1rmela.<\/strong> <\/p>\n\n\n\n<p><strong>SESIONES  4<\/strong> <strong>y 5<\/strong><\/p>\n\n\n\n<p>  <strong>PL\u00c1STICA<\/strong> <strong>Y LECTURA<\/strong><\/p>\n\n\n\n<p><strong><img loading=\"lazy\" width=\"1058\" height=\"556\" class=\"wp-image-3201\" style=\"width: 157px\" src=\"https:\/\/cpcorella.educacion.navarra.es\/blogs\/tercero\/files\/2022\/06\/CUERPOS-GEOMETRICOS-EDUCACION-PRIMARIA-3o.png\" alt=\"\" srcset=\"https:\/\/cpcorella.educacion.navarra.es\/blogs\/tercero\/files\/2022\/06\/CUERPOS-GEOMETRICOS-EDUCACION-PRIMARIA-3o.png 1058w, https:\/\/cpcorella.educacion.navarra.es\/blogs\/tercero\/files\/2022\/06\/CUERPOS-GEOMETRICOS-EDUCACION-PRIMARIA-3o-300x158.png 300w, https:\/\/cpcorella.educacion.navarra.es\/blogs\/tercero\/files\/2022\/06\/CUERPOS-GEOMETRICOS-EDUCACION-PRIMARIA-3o-1024x538.png 1024w, https:\/\/cpcorella.educacion.navarra.es\/blogs\/tercero\/files\/2022\/06\/CUERPOS-GEOMETRICOS-EDUCACION-PRIMARIA-3o-768x404.png 768w, https:\/\/cpcorella.educacion.navarra.es\/blogs\/tercero\/files\/2022\/06\/CUERPOS-GEOMETRICOS-EDUCACION-PRIMARIA-3o-500x263.png 500w\" sizes=\"(max-width: 1058px) 100vw, 1058px\" \/> CONSTRUIMOS CUERPOS GEOM\u00c9TRICOS<\/strong><\/p>\n\n\n\n<p><strong>LECTURA. BIBLIOTECA DE AULA.<\/strong>  <img loading=\"lazy\" width=\"957\" height=\"967\" class=\"wp-image-2902\" style=\"width: 150px\" src=\"https:\/\/cpcorella.educacion.navarra.es\/blogs\/tercero\/files\/2022\/03\/SmartSelect_20210528-153941_Bitmoji.jpg\" alt=\"\" srcset=\"https:\/\/cpcorella.educacion.navarra.es\/blogs\/tercero\/files\/2022\/03\/SmartSelect_20210528-153941_Bitmoji.jpg 957w, https:\/\/cpcorella.educacion.navarra.es\/blogs\/tercero\/files\/2022\/03\/SmartSelect_20210528-153941_Bitmoji-297x300.jpg 297w, https:\/\/cpcorella.educacion.navarra.es\/blogs\/tercero\/files\/2022\/03\/SmartSelect_20210528-153941_Bitmoji-768x776.jpg 768w\" sizes=\"(max-width: 957px) 100vw, 957px\" \/><\/p>\n\n\n\n<p><\/p>\n","protected":false},"excerpt":{"rendered":"<p>SESI\u00d3N 1 TALLER DE MATEM\u00c1TICAS TEMA 12 CUERPOS REDONDOS V\u00cdDEO ACTIVIDADES EDUBOOK PRACTICA CON LIVEWORKSHEETS: CUERPOS REDONDOS CUERPOS REDONDOS DISCRIMINA CUERPOS REDONDOS COMPRENSI\u00d3N LECTORA \u00abJACOBO SALE A BUSCAR IDEAS\u00bb Puedes acabar la lectura en casa y mand\u00e1rmela. SESIONES 4 y &hellip; <a href=\"https:\/\/cpcorella.educacion.navarra.es\/blogs\/tercero\/2022\/06\/10\/trabajo-de-clase-viernes-10-de-junio\/\">Sigue leyendo <span class=\"meta-nav\">&rarr;<\/span><\/a><\/p>\n","protected":false},"author":35,"featured_media":0,"comment_status":"closed","ping_status":"closed","sticky":false,"template":"","format":"standard","meta":[],"categories":[27],"tags":[],"_links":{"self":[{"href":"https:\/\/cpcorella.educacion.navarra.es\/blogs\/tercero\/wp-json\/wp\/v2\/posts\/3198"}],"collection":[{"href":"https:\/\/cpcorella.educacion.navarra.es\/blogs\/tercero\/wp-json\/wp\/v2\/posts"}],"about":[{"href":"https:\/\/cpcorella.educacion.navarra.es\/blogs\/tercero\/wp-json\/wp\/v2\/types\/post"}],"author":[{"embeddable":true,"href":"https:\/\/cpcorella.educacion.navarra.es\/blogs\/tercero\/wp-json\/wp\/v2\/users\/35"}],"replies":[{"embeddable":true,"href":"https:\/\/cpcorella.educacion.navarra.es\/blogs\/tercero\/wp-json\/wp\/v2\/comments?post=3198"}],"version-history":[{"count":3,"href":"https:\/\/cpcorella.educacion.navarra.es\/blogs\/tercero\/wp-json\/wp\/v2\/posts\/3198\/revisions"}],"predecessor-version":[{"id":3204,"href":"https:\/\/cpcorella.educacion.navarra.es\/blogs\/tercero\/wp-json\/wp\/v2\/posts\/3198\/revisions\/3204"}],"wp:attachment":[{"href":"https:\/\/cpcorella.educacion.navarra.es\/blogs\/tercero\/wp-json\/wp\/v2\/media?parent=3198"}],"wp:term":[{"taxonomy":"category","embeddable":true,"href":"https:\/\/cpcorella.educacion.navarra.es\/blogs\/tercero\/wp-json\/wp\/v2\/categories?post=3198"},{"taxonomy":"post_tag","embeddable":true,"href":"https:\/\/cpcorella.educacion.navarra.es\/blogs\/tercero\/wp-json\/wp\/v2\/tags?post=3198"}],"curies":[{"name":"wp","href":"https:\/\/api.w.org\/{rel}","templated":true}]}}