{"id":3180,"date":"2022-06-07T06:44:13","date_gmt":"2022-06-07T06:44:13","guid":{"rendered":"https:\/\/cpcorella.educacion.navarra.es\/blogs\/tercero\/?p=3180"},"modified":"2022-06-07T06:44:13","modified_gmt":"2022-06-07T06:44:13","slug":"trabajo-de-clase-martes-7-de-junio","status":"publish","type":"post","link":"https:\/\/cpcorella.educacion.navarra.es\/blogs\/tercero\/2022\/06\/07\/trabajo-de-clase-martes-7-de-junio\/","title":{"rendered":"TRABAJO DE CLASE MARTES 7 DE JUNIO"},"content":{"rendered":"\n<p><img loading=\"lazy\" width=\"1024\" height=\"1056\" class=\"wp-image-3087\" style=\"width: 185px\" src=\"https:\/\/cpcorella.educacion.navarra.es\/blogs\/tercero\/files\/2022\/05\/SmartSelect_20220323-190529_Gmail.jpg\" alt=\"\" srcset=\"https:\/\/cpcorella.educacion.navarra.es\/blogs\/tercero\/files\/2022\/05\/SmartSelect_20220323-190529_Gmail.jpg 1024w, https:\/\/cpcorella.educacion.navarra.es\/blogs\/tercero\/files\/2022\/05\/SmartSelect_20220323-190529_Gmail-291x300.jpg 291w, https:\/\/cpcorella.educacion.navarra.es\/blogs\/tercero\/files\/2022\/05\/SmartSelect_20220323-190529_Gmail-993x1024.jpg 993w, https:\/\/cpcorella.educacion.navarra.es\/blogs\/tercero\/files\/2022\/05\/SmartSelect_20220323-190529_Gmail-768x792.jpg 768w\" sizes=\"(max-width: 1024px) 100vw, 1024px\" \/> <strong>SESI\u00d3N 1 LENGUA<\/strong><\/p>\n\n\n\n<p><strong>TEMA 11<\/strong><\/p>\n\n\n\n<p><strong>Realizaci\u00f3n del examen de este tema.<\/strong><\/p>\n\n\n\n<p><strong>SESI\u00d3N 2 TALLER DE LENGUA<\/strong><\/p>\n\n\n\n<p><strong>EXPRESI\u00d3N ESCRITA<\/strong><\/p>\n\n\n\n<p><strong>LA NARRACI\u00d3N<\/strong><\/p>\n\n\n\n<p><strong>DEBERES<\/strong><\/p>\n\n\n\n<p><strong>LECTURA<\/strong><\/p>\n\n\n\n<p><strong>Preparar exposici\u00f3n oral. Mi libro de lectura.<\/strong><\/p>\n\n\n\n<p><strong>SESI\u00d3N 3 MATEM\u00c1TICAS<\/strong><\/p>\n\n\n\n<p><strong>TEMA 12<\/strong><\/p>\n\n\n\n<p><strong><a href=\"https:\/\/edubook.vicensvives.com\/b\/3144\/87821794-ef20-4767-a5d1-f289c33b391a\/45fb2b27-d364-4359-802f-db03312588f1\/flipbook\/3\">LOS POLIEDROS<\/a><\/strong><\/p>\n\n\n\n<p><strong>Cuaderno de Actividades.<\/strong><\/p>\n\n\n\n<p><strong>Realizamos las actividades y corregimos.<\/strong><\/p>\n\n\n\n<p><strong>OPERACIONES<\/strong><\/p>\n","protected":false},"excerpt":{"rendered":"<p>SESI\u00d3N 1 LENGUA TEMA 11 Realizaci\u00f3n del examen de este tema. SESI\u00d3N 2 TALLER DE LENGUA EXPRESI\u00d3N ESCRITA LA NARRACI\u00d3N DEBERES LECTURA Preparar exposici\u00f3n oral. Mi libro de lectura. SESI\u00d3N 3 MATEM\u00c1TICAS TEMA 12 LOS POLIEDROS Cuaderno de Actividades. Realizamos &hellip; <a href=\"https:\/\/cpcorella.educacion.navarra.es\/blogs\/tercero\/2022\/06\/07\/trabajo-de-clase-martes-7-de-junio\/\">Sigue leyendo <span class=\"meta-nav\">&rarr;<\/span><\/a><\/p>\n","protected":false},"author":35,"featured_media":0,"comment_status":"closed","ping_status":"closed","sticky":false,"template":"","format":"standard","meta":[],"categories":[27],"tags":[],"_links":{"self":[{"href":"https:\/\/cpcorella.educacion.navarra.es\/blogs\/tercero\/wp-json\/wp\/v2\/posts\/3180"}],"collection":[{"href":"https:\/\/cpcorella.educacion.navarra.es\/blogs\/tercero\/wp-json\/wp\/v2\/posts"}],"about":[{"href":"https:\/\/cpcorella.educacion.navarra.es\/blogs\/tercero\/wp-json\/wp\/v2\/types\/post"}],"author":[{"embeddable":true,"href":"https:\/\/cpcorella.educacion.navarra.es\/blogs\/tercero\/wp-json\/wp\/v2\/users\/35"}],"replies":[{"embeddable":true,"href":"https:\/\/cpcorella.educacion.navarra.es\/blogs\/tercero\/wp-json\/wp\/v2\/comments?post=3180"}],"version-history":[{"count":1,"href":"https:\/\/cpcorella.educacion.navarra.es\/blogs\/tercero\/wp-json\/wp\/v2\/posts\/3180\/revisions"}],"predecessor-version":[{"id":3181,"href":"https:\/\/cpcorella.educacion.navarra.es\/blogs\/tercero\/wp-json\/wp\/v2\/posts\/3180\/revisions\/3181"}],"wp:attachment":[{"href":"https:\/\/cpcorella.educacion.navarra.es\/blogs\/tercero\/wp-json\/wp\/v2\/media?parent=3180"}],"wp:term":[{"taxonomy":"category","embeddable":true,"href":"https:\/\/cpcorella.educacion.navarra.es\/blogs\/tercero\/wp-json\/wp\/v2\/categories?post=3180"},{"taxonomy":"post_tag","embeddable":true,"href":"https:\/\/cpcorella.educacion.navarra.es\/blogs\/tercero\/wp-json\/wp\/v2\/tags?post=3180"}],"curies":[{"name":"wp","href":"https:\/\/api.w.org\/{rel}","templated":true}]}}