{"id":2668,"date":"2022-01-31T07:58:15","date_gmt":"2022-01-31T07:58:15","guid":{"rendered":"https:\/\/cpcorella.educacion.navarra.es\/blogs\/tercero\/?p=2668"},"modified":"2022-01-31T07:58:16","modified_gmt":"2022-01-31T07:58:16","slug":"tareas-a-realizar-46","status":"publish","type":"post","link":"https:\/\/cpcorella.educacion.navarra.es\/blogs\/tercero\/2022\/01\/31\/tareas-a-realizar-46\/","title":{"rendered":"TAREAS A REALIZAR"},"content":{"rendered":"\n<p class=\"has-text-align-right\"><span style=\"color:#1982d1\" class=\"tadv-color\"><strong>viernes 28\/01\/2022<\/strong><\/span><\/p>\n\n\n\n<p class=\"has-blue-color has-text-color\"><strong>TALLER DE MATEM\u00c1TICAS<\/strong><\/p>\n\n\n\n<p>Cuadernillo de PEREDA<\/p>\n\n\n\n<p>Actividades de las p\u00e1ginas 16 y 17<\/p>\n\n\n\n<p class=\"has-blue-color has-text-color\"><strong>LECTURA<\/strong><\/p>\n\n\n\n<p>.EXAMEN DEL TEMA 5<\/p>\n\n\n\n<p class=\"has-blue-color has-text-color\"><strong>PL\u00c1STICA<\/strong><\/p>\n\n\n\n<p>.Celebraci\u00f3n del d\u00eda de la Paz.<\/p>\n\n\n\n<p>Realizar la p\u00e1gina 22: textura del pelaje de los animales y sus huellas.<\/p>\n","protected":false},"excerpt":{"rendered":"<p>viernes 28\/01\/2022 TALLER DE MATEM\u00c1TICAS Cuadernillo de PEREDA Actividades de las p\u00e1ginas 16 y 17 LECTURA .EXAMEN DEL TEMA 5 PL\u00c1STICA .Celebraci\u00f3n del d\u00eda de la Paz. Realizar la p\u00e1gina 22: textura del pelaje de los animales y sus huellas.<\/p>\n","protected":false},"author":36,"featured_media":0,"comment_status":"closed","ping_status":"closed","sticky":false,"template":"","format":"standard","meta":[],"categories":[25],"tags":[],"_links":{"self":[{"href":"https:\/\/cpcorella.educacion.navarra.es\/blogs\/tercero\/wp-json\/wp\/v2\/posts\/2668"}],"collection":[{"href":"https:\/\/cpcorella.educacion.navarra.es\/blogs\/tercero\/wp-json\/wp\/v2\/posts"}],"about":[{"href":"https:\/\/cpcorella.educacion.navarra.es\/blogs\/tercero\/wp-json\/wp\/v2\/types\/post"}],"author":[{"embeddable":true,"href":"https:\/\/cpcorella.educacion.navarra.es\/blogs\/tercero\/wp-json\/wp\/v2\/users\/36"}],"replies":[{"embeddable":true,"href":"https:\/\/cpcorella.educacion.navarra.es\/blogs\/tercero\/wp-json\/wp\/v2\/comments?post=2668"}],"version-history":[{"count":1,"href":"https:\/\/cpcorella.educacion.navarra.es\/blogs\/tercero\/wp-json\/wp\/v2\/posts\/2668\/revisions"}],"predecessor-version":[{"id":2669,"href":"https:\/\/cpcorella.educacion.navarra.es\/blogs\/tercero\/wp-json\/wp\/v2\/posts\/2668\/revisions\/2669"}],"wp:attachment":[{"href":"https:\/\/cpcorella.educacion.navarra.es\/blogs\/tercero\/wp-json\/wp\/v2\/media?parent=2668"}],"wp:term":[{"taxonomy":"category","embeddable":true,"href":"https:\/\/cpcorella.educacion.navarra.es\/blogs\/tercero\/wp-json\/wp\/v2\/categories?post=2668"},{"taxonomy":"post_tag","embeddable":true,"href":"https:\/\/cpcorella.educacion.navarra.es\/blogs\/tercero\/wp-json\/wp\/v2\/tags?post=2668"}],"curies":[{"name":"wp","href":"https:\/\/api.w.org\/{rel}","templated":true}]}}