{"id":2606,"date":"2022-01-19T10:28:11","date_gmt":"2022-01-19T10:28:11","guid":{"rendered":"https:\/\/cpcorella.educacion.navarra.es\/blogs\/tercero\/?p=2606"},"modified":"2022-01-19T10:34:19","modified_gmt":"2022-01-19T10:34:19","slug":"tareas-a-realizar-41","status":"publish","type":"post","link":"https:\/\/cpcorella.educacion.navarra.es\/blogs\/tercero\/2022\/01\/19\/tareas-a-realizar-41\/","title":{"rendered":"TAREAS A REALIZAR"},"content":{"rendered":"\n<p class=\"has-text-align-right has-blue-color has-text-color\"><strong>mi\u00e9rcoles 19\/01\/2022<\/strong><\/p>\n\n\n\n<p class=\"has-blue-color has-text-color\"><strong>MATEM\u00c1TICAS<\/strong><\/p>\n\n\n\n<p>Repaso de la prueba de la divisi\u00f3n.<\/p>\n\n\n\n<p>.Hacer las actividades de la p\u00e1gina 83, 26, 27, 28, 29 y 30<\/p>\n\n\n\n<p>Hacer las multiplicaciones en el cuaderno y vertical: 467 X 9=     , 932 X 7 =     ,   584 X 3 =<\/p>\n\n\n\n<p class=\"has-blue-color has-text-color\"><strong>VALORES<\/strong><\/p>\n\n\n\n<p>.Estamos preparando la actividad del D\u00eda de la Paz. Se har\u00e1 a la vuelta.<\/p>\n\n\n\n<p>. Estudio del \u00e1rea que elijas.<\/p>\n\n\n\n<p class=\"has-blue-color has-text-color\"><strong>SOCIALES<\/strong><\/p>\n\n\n\n<p>.Repaso del paisaje de interior, corregimos.<\/p>\n\n\n\n<p>.Hacer las actividades 13, 14, 15, 16 y 17 de la p\u00e1gina 45<\/p>\n","protected":false},"excerpt":{"rendered":"<p>mi\u00e9rcoles 19\/01\/2022 MATEM\u00c1TICAS Repaso de la prueba de la divisi\u00f3n. .Hacer las actividades de la p\u00e1gina 83, 26, 27, 28, 29 y 30 Hacer las multiplicaciones en el cuaderno y vertical: 467 X 9= , 932 X 7 = , &hellip; <a href=\"https:\/\/cpcorella.educacion.navarra.es\/blogs\/tercero\/2022\/01\/19\/tareas-a-realizar-41\/\">Sigue leyendo <span class=\"meta-nav\">&rarr;<\/span><\/a><\/p>\n","protected":false},"author":36,"featured_media":0,"comment_status":"closed","ping_status":"closed","sticky":false,"template":"","format":"standard","meta":[],"categories":[25],"tags":[],"_links":{"self":[{"href":"https:\/\/cpcorella.educacion.navarra.es\/blogs\/tercero\/wp-json\/wp\/v2\/posts\/2606"}],"collection":[{"href":"https:\/\/cpcorella.educacion.navarra.es\/blogs\/tercero\/wp-json\/wp\/v2\/posts"}],"about":[{"href":"https:\/\/cpcorella.educacion.navarra.es\/blogs\/tercero\/wp-json\/wp\/v2\/types\/post"}],"author":[{"embeddable":true,"href":"https:\/\/cpcorella.educacion.navarra.es\/blogs\/tercero\/wp-json\/wp\/v2\/users\/36"}],"replies":[{"embeddable":true,"href":"https:\/\/cpcorella.educacion.navarra.es\/blogs\/tercero\/wp-json\/wp\/v2\/comments?post=2606"}],"version-history":[{"count":3,"href":"https:\/\/cpcorella.educacion.navarra.es\/blogs\/tercero\/wp-json\/wp\/v2\/posts\/2606\/revisions"}],"predecessor-version":[{"id":2610,"href":"https:\/\/cpcorella.educacion.navarra.es\/blogs\/tercero\/wp-json\/wp\/v2\/posts\/2606\/revisions\/2610"}],"wp:attachment":[{"href":"https:\/\/cpcorella.educacion.navarra.es\/blogs\/tercero\/wp-json\/wp\/v2\/media?parent=2606"}],"wp:term":[{"taxonomy":"category","embeddable":true,"href":"https:\/\/cpcorella.educacion.navarra.es\/blogs\/tercero\/wp-json\/wp\/v2\/categories?post=2606"},{"taxonomy":"post_tag","embeddable":true,"href":"https:\/\/cpcorella.educacion.navarra.es\/blogs\/tercero\/wp-json\/wp\/v2\/tags?post=2606"}],"curies":[{"name":"wp","href":"https:\/\/api.w.org\/{rel}","templated":true}]}}