{"id":2574,"date":"2022-01-11T11:25:03","date_gmt":"2022-01-11T11:25:03","guid":{"rendered":"https:\/\/cpcorella.educacion.navarra.es\/blogs\/tercero\/?p=2574"},"modified":"2022-01-11T11:25:04","modified_gmt":"2022-01-11T11:25:04","slug":"tareas-a-realizar-35","status":"publish","type":"post","link":"https:\/\/cpcorella.educacion.navarra.es\/blogs\/tercero\/2022\/01\/11\/tareas-a-realizar-35\/","title":{"rendered":"TAREAS A REALIZAR"},"content":{"rendered":"\n<p class=\"has-text-align-right has-blue-color has-text-color\"><strong>martes 11\/01\/2022<\/strong><\/p>\n\n\n\n<p class=\"has-blue-color has-text-color\"><strong>LENGUA<\/strong><\/p>\n\n\n\n<p><strong>. Copiar el cuadro del punto 1. LOS ART\u00cdCULOS DETERMINADOS, p\u00e1gina 74.<\/strong><\/p>\n\n\n\n<p><strong>. Hacer en el cuaderno las actividades 10 y 11 de la misma p\u00e1gina.<\/strong><\/p>\n\n\n\n<p><strong>. El resto de actividades las haremos oral en el aula.<\/strong><\/p>\n\n\n\n<p class=\"has-blue-color has-text-color\"><strong>TALLER LENGUA<\/strong><\/p>\n\n\n\n<p><strong>. Comenzaremos con el cuadernillo \u201cLECTURAS COMPETENCIALES\u201d<\/strong><\/p>\n\n\n\n<p><strong>. Leeremos la breve lectura de la p\u00e1gina 2 y haremos las actividades 1 y 2 de la p\u00e1gina 3<\/strong><\/p>\n\n\n\n<p class=\"has-blue-color has-text-color\"><strong>C. SOCIALES<\/strong><\/p>\n\n\n\n<p><strong>.Comenzamos el TEMA 3 EL RELIEVE.<\/strong><\/p>\n\n\n\n<p><strong>. Punto 1. Escribimos el t\u00edtulo. Lemos las p\u00e1ginas 42 y 43.<\/strong><\/p>\n\n\n\n<p><strong>. Actividades en el cuaderno 1, 2, 3, 4 y 5<\/strong><\/p>\n","protected":false},"excerpt":{"rendered":"<p>martes 11\/01\/2022 LENGUA . Copiar el cuadro del punto 1. LOS ART\u00cdCULOS DETERMINADOS, p\u00e1gina 74. . Hacer en el cuaderno las actividades 10 y 11 de la misma p\u00e1gina. . El resto de actividades las haremos oral en el aula. &hellip; <a href=\"https:\/\/cpcorella.educacion.navarra.es\/blogs\/tercero\/2022\/01\/11\/tareas-a-realizar-35\/\">Sigue leyendo <span class=\"meta-nav\">&rarr;<\/span><\/a><\/p>\n","protected":false},"author":36,"featured_media":0,"comment_status":"closed","ping_status":"closed","sticky":false,"template":"","format":"standard","meta":[],"categories":[25],"tags":[],"_links":{"self":[{"href":"https:\/\/cpcorella.educacion.navarra.es\/blogs\/tercero\/wp-json\/wp\/v2\/posts\/2574"}],"collection":[{"href":"https:\/\/cpcorella.educacion.navarra.es\/blogs\/tercero\/wp-json\/wp\/v2\/posts"}],"about":[{"href":"https:\/\/cpcorella.educacion.navarra.es\/blogs\/tercero\/wp-json\/wp\/v2\/types\/post"}],"author":[{"embeddable":true,"href":"https:\/\/cpcorella.educacion.navarra.es\/blogs\/tercero\/wp-json\/wp\/v2\/users\/36"}],"replies":[{"embeddable":true,"href":"https:\/\/cpcorella.educacion.navarra.es\/blogs\/tercero\/wp-json\/wp\/v2\/comments?post=2574"}],"version-history":[{"count":1,"href":"https:\/\/cpcorella.educacion.navarra.es\/blogs\/tercero\/wp-json\/wp\/v2\/posts\/2574\/revisions"}],"predecessor-version":[{"id":2575,"href":"https:\/\/cpcorella.educacion.navarra.es\/blogs\/tercero\/wp-json\/wp\/v2\/posts\/2574\/revisions\/2575"}],"wp:attachment":[{"href":"https:\/\/cpcorella.educacion.navarra.es\/blogs\/tercero\/wp-json\/wp\/v2\/media?parent=2574"}],"wp:term":[{"taxonomy":"category","embeddable":true,"href":"https:\/\/cpcorella.educacion.navarra.es\/blogs\/tercero\/wp-json\/wp\/v2\/categories?post=2574"},{"taxonomy":"post_tag","embeddable":true,"href":"https:\/\/cpcorella.educacion.navarra.es\/blogs\/tercero\/wp-json\/wp\/v2\/tags?post=2574"}],"curies":[{"name":"wp","href":"https:\/\/api.w.org\/{rel}","templated":true}]}}