{"id":2561,"date":"2021-12-16T17:43:35","date_gmt":"2021-12-16T17:43:35","guid":{"rendered":"https:\/\/cpcorella.educacion.navarra.es\/blogs\/tercero\/?p=2561"},"modified":"2021-12-16T17:43:36","modified_gmt":"2021-12-16T17:43:36","slug":"comienza-la-cuenta-atras-5","status":"publish","type":"post","link":"https:\/\/cpcorella.educacion.navarra.es\/blogs\/tercero\/2021\/12\/16\/comienza-la-cuenta-atras-5\/","title":{"rendered":"Comienza la cuenta atr\u00e1s&#8230;"},"content":{"rendered":"\n<p> <img loading=\"lazy\" width=\"982\" height=\"984\" class=\"wp-image-2563\" style=\"width: 150px\" src=\"https:\/\/cpcorella.educacion.navarra.es\/blogs\/tercero\/files\/2021\/12\/SmartSelect_20201204-202324_Bitmoji.jpg\" alt=\"\" srcset=\"https:\/\/cpcorella.educacion.navarra.es\/blogs\/tercero\/files\/2021\/12\/SmartSelect_20201204-202324_Bitmoji.jpg 982w, https:\/\/cpcorella.educacion.navarra.es\/blogs\/tercero\/files\/2021\/12\/SmartSelect_20201204-202324_Bitmoji-300x300.jpg 300w, https:\/\/cpcorella.educacion.navarra.es\/blogs\/tercero\/files\/2021\/12\/SmartSelect_20201204-202324_Bitmoji-150x150.jpg 150w, https:\/\/cpcorella.educacion.navarra.es\/blogs\/tercero\/files\/2021\/12\/SmartSelect_20201204-202324_Bitmoji-768x770.jpg 768w, https:\/\/cpcorella.educacion.navarra.es\/blogs\/tercero\/files\/2021\/12\/SmartSelect_20201204-202324_Bitmoji-299x300.jpg 299w\" sizes=\"(max-width: 982px) 100vw, 982px\" \/>  <strong>VIERNES 17 DE DICIEMBRE<\/strong><\/p>\n\n\n\n<p><strong>MATEM\u00c1TICAS<\/strong><\/p>\n\n\n\n<p><strong>ACTIVIDAD COMPETENCIAL<\/strong>.  <strong>TEMA 2.<\/strong> <\/p>\n\n\n\n<p><strong><a href=\"https:\/\/edubook.vicensvives.com\/b\/3144\/c8f5bee3-ce72-4709-987d-1eb7a75b82f9\/a36af99e-8f36-45ff-ac95-955d45396f91\/flipbook\/11\">UN CRUCERO POR EL MEDITERR\u00c1NEO. <\/a><\/strong><\/p>\n\n\n\n<p><strong>Libro p\u00e1ginas 30 y 31.<\/strong> <strong>Trabajamos  las actividades con <a href=\"https:\/\/edubook.vicensvives.com\/b\/3144\/c8f5bee3-ce72-4709-987d-1eb7a75b82f9\/a36af99e-8f36-45ff-ac95-955d45396f91\/activities\">EDUBOOK<\/a><\/strong><\/p>\n\n\n\n<p><strong>LENGUA<\/strong><\/p>\n\n\n\n<p><strong>COMPRENSI\u00d3N LECTORA. Liveworksheets. <\/strong><\/p>\n\n\n\n<p><a href=\"https:\/\/es.liveworksheets.com\/oo2114852lq\"><strong>\u00bb \u00bfPor qu\u00e9 pican los mosquitos?<\/strong><\/a><\/p>\n\n\n\n<p><img loading=\"lazy\" width=\"968\" height=\"1003\" class=\"wp-image-2564\" style=\"width: 150px\" src=\"https:\/\/cpcorella.educacion.navarra.es\/blogs\/tercero\/files\/2021\/12\/SmartSelect_20201204-100744_Bitmoji.jpg\" alt=\"\" srcset=\"https:\/\/cpcorella.educacion.navarra.es\/blogs\/tercero\/files\/2021\/12\/SmartSelect_20201204-100744_Bitmoji.jpg 968w, https:\/\/cpcorella.educacion.navarra.es\/blogs\/tercero\/files\/2021\/12\/SmartSelect_20201204-100744_Bitmoji-290x300.jpg 290w, https:\/\/cpcorella.educacion.navarra.es\/blogs\/tercero\/files\/2021\/12\/SmartSelect_20201204-100744_Bitmoji-768x796.jpg 768w\" sizes=\"(max-width: 968px) 100vw, 968px\" \/> <strong>\u00a1NOS VEMOS EL LUNES!<\/strong><\/p>\n","protected":false},"excerpt":{"rendered":"<p>VIERNES 17 DE DICIEMBRE MATEM\u00c1TICAS ACTIVIDAD COMPETENCIAL. TEMA 2. UN CRUCERO POR EL MEDITERR\u00c1NEO. Libro p\u00e1ginas 30 y 31. Trabajamos las actividades con EDUBOOK LENGUA COMPRENSI\u00d3N LECTORA. Liveworksheets. \u00bb \u00bfPor qu\u00e9 pican los mosquitos? \u00a1NOS VEMOS EL LUNES!<\/p>\n","protected":false},"author":35,"featured_media":0,"comment_status":"closed","ping_status":"closed","sticky":false,"template":"","format":"standard","meta":[],"categories":[27],"tags":[],"_links":{"self":[{"href":"https:\/\/cpcorella.educacion.navarra.es\/blogs\/tercero\/wp-json\/wp\/v2\/posts\/2561"}],"collection":[{"href":"https:\/\/cpcorella.educacion.navarra.es\/blogs\/tercero\/wp-json\/wp\/v2\/posts"}],"about":[{"href":"https:\/\/cpcorella.educacion.navarra.es\/blogs\/tercero\/wp-json\/wp\/v2\/types\/post"}],"author":[{"embeddable":true,"href":"https:\/\/cpcorella.educacion.navarra.es\/blogs\/tercero\/wp-json\/wp\/v2\/users\/35"}],"replies":[{"embeddable":true,"href":"https:\/\/cpcorella.educacion.navarra.es\/blogs\/tercero\/wp-json\/wp\/v2\/comments?post=2561"}],"version-history":[{"count":1,"href":"https:\/\/cpcorella.educacion.navarra.es\/blogs\/tercero\/wp-json\/wp\/v2\/posts\/2561\/revisions"}],"predecessor-version":[{"id":2565,"href":"https:\/\/cpcorella.educacion.navarra.es\/blogs\/tercero\/wp-json\/wp\/v2\/posts\/2561\/revisions\/2565"}],"wp:attachment":[{"href":"https:\/\/cpcorella.educacion.navarra.es\/blogs\/tercero\/wp-json\/wp\/v2\/media?parent=2561"}],"wp:term":[{"taxonomy":"category","embeddable":true,"href":"https:\/\/cpcorella.educacion.navarra.es\/blogs\/tercero\/wp-json\/wp\/v2\/categories?post=2561"},{"taxonomy":"post_tag","embeddable":true,"href":"https:\/\/cpcorella.educacion.navarra.es\/blogs\/tercero\/wp-json\/wp\/v2\/tags?post=2561"}],"curies":[{"name":"wp","href":"https:\/\/api.w.org\/{rel}","templated":true}]}}