{"id":2557,"date":"2021-12-16T07:54:08","date_gmt":"2021-12-16T07:54:08","guid":{"rendered":"https:\/\/cpcorella.educacion.navarra.es\/blogs\/tercero\/?p=2557"},"modified":"2021-12-16T07:55:50","modified_gmt":"2021-12-16T07:55:50","slug":"comienza-la-cuenta-atras-4","status":"publish","type":"post","link":"https:\/\/cpcorella.educacion.navarra.es\/blogs\/tercero\/2021\/12\/16\/comienza-la-cuenta-atras-4\/","title":{"rendered":"COMIENZA LA CUENTA ATR\u00c1S&#8230;"},"content":{"rendered":"\n<p><img loading=\"lazy\" width=\"398\" height=\"398\" class=\"wp-image-2551\" style=\"width: 150px\" src=\"https:\/\/cpcorella.educacion.navarra.es\/blogs\/tercero\/files\/2021\/12\/50d69d24ff07588d1b0a06d7f2ba144da67c31e2e500f6f76a2c8238eb9438bf.0.png\" alt=\"\" srcset=\"https:\/\/cpcorella.educacion.navarra.es\/blogs\/tercero\/files\/2021\/12\/50d69d24ff07588d1b0a06d7f2ba144da67c31e2e500f6f76a2c8238eb9438bf.0.png 398w, https:\/\/cpcorella.educacion.navarra.es\/blogs\/tercero\/files\/2021\/12\/50d69d24ff07588d1b0a06d7f2ba144da67c31e2e500f6f76a2c8238eb9438bf.0-300x300.png 300w, https:\/\/cpcorella.educacion.navarra.es\/blogs\/tercero\/files\/2021\/12\/50d69d24ff07588d1b0a06d7f2ba144da67c31e2e500f6f76a2c8238eb9438bf.0-150x150.png 150w\" sizes=\"(max-width: 398px) 100vw, 398px\" \/> <strong>JUEVES 16<\/strong><\/p>\n\n\n\n<p><strong>MATEM\u00c1TICAS<\/strong><\/p>\n\n\n\n<p><img loading=\"lazy\" width=\"255\" height=\"341\" class=\"wp-image-2540\" style=\"width: 103px\" src=\"https:\/\/cpcorella.educacion.navarra.es\/blogs\/tercero\/files\/2021\/12\/PEREDA.jpg\" alt=\"\" srcset=\"https:\/\/cpcorella.educacion.navarra.es\/blogs\/tercero\/files\/2021\/12\/PEREDA.jpg 255w, https:\/\/cpcorella.educacion.navarra.es\/blogs\/tercero\/files\/2021\/12\/PEREDA-224x300.jpg 224w\" sizes=\"(max-width: 255px) 100vw, 255px\" \/> <strong>PEREDA. P\u00e1ginas 8 y 9.<\/strong><\/p>\n\n\n\n<p><strong>LENGUA<\/strong><\/p>\n\n\n\n<p><strong>COMPRENSI\u00d3N LECTORA<\/strong><\/p>\n\n\n\n<p><strong><a href=\"https:\/\/es.liveworksheets.com\/yt1188527ca\">El f\u00fatbol por la amistad.<\/a><\/strong><\/p>\n\n\n\n<p><strong>PL\u00c1STICA<\/strong><\/p>\n\n\n\n<p><strong>TEMA 2. Actividad 4. Libro,  p\u00e1gina 14<\/strong>.<\/p>\n\n\n\n<p><img loading=\"lazy\" width=\"398\" height=\"398\" class=\"wp-image-2558\" style=\"width: 150px\" src=\"https:\/\/cpcorella.educacion.navarra.es\/blogs\/tercero\/files\/2021\/12\/6fb66bb6d743ace32f71acca5ca7d51f00c96ced2eb210848535d89770e254a4.0.png\" alt=\"\" srcset=\"https:\/\/cpcorella.educacion.navarra.es\/blogs\/tercero\/files\/2021\/12\/6fb66bb6d743ace32f71acca5ca7d51f00c96ced2eb210848535d89770e254a4.0.png 398w, https:\/\/cpcorella.educacion.navarra.es\/blogs\/tercero\/files\/2021\/12\/6fb66bb6d743ace32f71acca5ca7d51f00c96ced2eb210848535d89770e254a4.0-300x300.png 300w, https:\/\/cpcorella.educacion.navarra.es\/blogs\/tercero\/files\/2021\/12\/6fb66bb6d743ace32f71acca5ca7d51f00c96ced2eb210848535d89770e254a4.0-150x150.png 150w\" sizes=\"(max-width: 398px) 100vw, 398px\" \/> <strong>Nos vemos&#8230;<\/strong><\/p>\n\n\n\n<p><\/p>\n","protected":false},"excerpt":{"rendered":"<p>JUEVES 16 MATEM\u00c1TICAS PEREDA. P\u00e1ginas 8 y 9. LENGUA COMPRENSI\u00d3N LECTORA El f\u00fatbol por la amistad. PL\u00c1STICA TEMA 2. Actividad 4. Libro, p\u00e1gina 14. Nos vemos&#8230;<\/p>\n","protected":false},"author":35,"featured_media":0,"comment_status":"closed","ping_status":"closed","sticky":false,"template":"","format":"standard","meta":[],"categories":[27],"tags":[],"_links":{"self":[{"href":"https:\/\/cpcorella.educacion.navarra.es\/blogs\/tercero\/wp-json\/wp\/v2\/posts\/2557"}],"collection":[{"href":"https:\/\/cpcorella.educacion.navarra.es\/blogs\/tercero\/wp-json\/wp\/v2\/posts"}],"about":[{"href":"https:\/\/cpcorella.educacion.navarra.es\/blogs\/tercero\/wp-json\/wp\/v2\/types\/post"}],"author":[{"embeddable":true,"href":"https:\/\/cpcorella.educacion.navarra.es\/blogs\/tercero\/wp-json\/wp\/v2\/users\/35"}],"replies":[{"embeddable":true,"href":"https:\/\/cpcorella.educacion.navarra.es\/blogs\/tercero\/wp-json\/wp\/v2\/comments?post=2557"}],"version-history":[{"count":2,"href":"https:\/\/cpcorella.educacion.navarra.es\/blogs\/tercero\/wp-json\/wp\/v2\/posts\/2557\/revisions"}],"predecessor-version":[{"id":2560,"href":"https:\/\/cpcorella.educacion.navarra.es\/blogs\/tercero\/wp-json\/wp\/v2\/posts\/2557\/revisions\/2560"}],"wp:attachment":[{"href":"https:\/\/cpcorella.educacion.navarra.es\/blogs\/tercero\/wp-json\/wp\/v2\/media?parent=2557"}],"wp:term":[{"taxonomy":"category","embeddable":true,"href":"https:\/\/cpcorella.educacion.navarra.es\/blogs\/tercero\/wp-json\/wp\/v2\/categories?post=2557"},{"taxonomy":"post_tag","embeddable":true,"href":"https:\/\/cpcorella.educacion.navarra.es\/blogs\/tercero\/wp-json\/wp\/v2\/tags?post=2557"}],"curies":[{"name":"wp","href":"https:\/\/api.w.org\/{rel}","templated":true}]}}