{"id":2264,"date":"2021-05-14T07:28:56","date_gmt":"2021-05-14T07:28:56","guid":{"rendered":"https:\/\/cpcorella.educacion.navarra.es\/blogs\/tercero\/?p=2264"},"modified":"2021-05-14T09:21:50","modified_gmt":"2021-05-14T09:21:50","slug":"trabajo-de-clase-viernes-14-de-mayo","status":"publish","type":"post","link":"https:\/\/cpcorella.educacion.navarra.es\/blogs\/tercero\/2021\/05\/14\/trabajo-de-clase-viernes-14-de-mayo\/","title":{"rendered":"TRABAJO DE CLASE VIERNES 14  DE MAYO"},"content":{"rendered":"\n<p><img class=\"wp-image-2252\" style=\"width: 150px\" src=\"https:\/\/cpcorella.educacion.navarra.es\/blogs\/tercero\/files\/2021\/05\/SmartSelect_20210122-205949_Bitmoji.jpg\" alt=\"\">  <strong>\u00a1ES VIERNES!<\/strong><\/p>\n\n\n\n<p><strong>MATEM\u00c1TICAS TEMA 2<br>Corregir tarea d\u00eda anterior.<br>Multiplicar por una cifra.<br>Ejercicios, libro p\u00e1gina 26.<br>PROBLEMAS<br>Chromebooks<br><br>TAREA DE MATEM\u00c1TICAS<br>OPERACIONES<br>DIVIDE<br>20.345 : 64<br>MULTIPLICA<br>8.675  X 76<br>PROBLEMA<br>Copia y resuelve en tu cuaderno.<br>Ejercicio 23 de la p\u00e1gina 26.<br><br>VALORES TEMA 6<br>Seguimos con las actividades del tema.<br><\/strong><img loading=\"lazy\" width=\"398\" height=\"398\" class=\"wp-image-2235\" style=\"width: 150px\" src=\"https:\/\/cpcorella.educacion.navarra.es\/blogs\/tercero\/files\/2021\/05\/ad07f6efbbec1298016948cc700157a4faf465eadc2dde648d2d797a18719cb0.0.png\" alt=\"\" srcset=\"https:\/\/cpcorella.educacion.navarra.es\/blogs\/tercero\/files\/2021\/05\/ad07f6efbbec1298016948cc700157a4faf465eadc2dde648d2d797a18719cb0.0.png 398w, https:\/\/cpcorella.educacion.navarra.es\/blogs\/tercero\/files\/2021\/05\/ad07f6efbbec1298016948cc700157a4faf465eadc2dde648d2d797a18719cb0.0-300x300.png 300w, https:\/\/cpcorella.educacion.navarra.es\/blogs\/tercero\/files\/2021\/05\/ad07f6efbbec1298016948cc700157a4faf465eadc2dde648d2d797a18719cb0.0-150x150.png 150w\" sizes=\"(max-width: 398px) 100vw, 398px\" \/>  <strong>Emociones. <\/strong><\/p>\n\n\n\n<p><strong><a href=\"https:\/\/es.liveworksheets.com\/ja1230430pr\">Pensamientos negativos y positivos<\/a><\/strong><\/p>\n\n\n\n<p><a href=\"https:\/\/es.liveworksheets.com\/uz1687110ux\"><strong>Las interjecciones para expresar emociones<\/strong><\/a><strong>  <\/strong><\/p>\n\n\n\n<p><strong><a href=\"https:\/\/es.liveworksheets.com\/worksheets\/es\/Lengua_Castellana\/Comprensi%C3%B3n_lectora\/Comprensi%C3%B3n_lectora_pb513829ev\">Comprensi\u00f3n lectora<\/a><br><br>LENGUA TEMA 5<br><\/strong><img loading=\"lazy\" width=\"398\" height=\"398\" class=\"wp-image-1629\" style=\"width: 150px\" src=\"https:\/\/cpcorella.educacion.navarra.es\/blogs\/tercero\/files\/2020\/11\/b55fd4bfe9ab4fb356020f9c6530be4db0be466857260a1eba21ae603744bfde.0.png\" alt=\"\" srcset=\"https:\/\/cpcorella.educacion.navarra.es\/blogs\/tercero\/files\/2020\/11\/b55fd4bfe9ab4fb356020f9c6530be4db0be466857260a1eba21ae603744bfde.0.png 398w, https:\/\/cpcorella.educacion.navarra.es\/blogs\/tercero\/files\/2020\/11\/b55fd4bfe9ab4fb356020f9c6530be4db0be466857260a1eba21ae603744bfde.0-300x300.png 300w, https:\/\/cpcorella.educacion.navarra.es\/blogs\/tercero\/files\/2020\/11\/b55fd4bfe9ab4fb356020f9c6530be4db0be466857260a1eba21ae603744bfde.0-150x150.png 150w\" sizes=\"(max-width: 398px) 100vw, 398px\" \/>  <strong>Trabajamos con los Chromebooks.<\/strong><\/p>\n\n\n\n<p><strong>El grado del adjetivo.<\/strong><\/p>\n\n\n\n<p><a href=\"https:\/\/es.liveworksheets.com\/worksheets\/es\/Lengua_Castellana\/Los_adjetivos\/El_adjetivo_uu394493af\"><strong>Liveworksheets1<\/strong><\/a>    <strong><a href=\"https:\/\/es.liveworksheets.com\/worksheets\/es\/Lengua_Castellana\/Los_adjetivos\/Grados_del_adjetivo_yo1727295cy\">Liveworksheets2<\/a><\/strong><\/p>\n\n\n\n<p><strong>Palabras hom\u00f3fonas.<\/strong><\/p>\n\n\n\n<p><strong><a href=\"https:\/\/es.liveworksheets.com\/worksheets\/es\/Lengua_Castellana\/Palabras_hom%C3%B3fonas\/Palabras_hom%C3%B3fonas_rt1353400fi\">Liveworksheets1  <\/a>  <a href=\"https:\/\/es.liveworksheets.com\/worksheets\/es\/Lengua_Castellana\/Palabras_hom%C3%B3fonas\/Palabras_hom%C3%B3fonas_qh1297158gh\">Liveworksheets2<\/a><\/strong><\/p>\n\n\n\n<p><strong>TAREA DE LENGUA<\/strong><\/p>\n\n\n\n<p> <strong>Repasar los conceptos ling\u00fc\u00edsticos trabajados.<\/strong><\/p>\n\n\n\n<p><img loading=\"lazy\" width=\"847\" height=\"1013\" class=\"wp-image-2246\" style=\"width: 150px\" src=\"https:\/\/cpcorella.educacion.navarra.es\/blogs\/tercero\/files\/2021\/05\/SmartSelect_20201204-195815_Bitmoji.jpg\" alt=\"\" srcset=\"https:\/\/cpcorella.educacion.navarra.es\/blogs\/tercero\/files\/2021\/05\/SmartSelect_20201204-195815_Bitmoji.jpg 847w, https:\/\/cpcorella.educacion.navarra.es\/blogs\/tercero\/files\/2021\/05\/SmartSelect_20201204-195815_Bitmoji-251x300.jpg 251w, https:\/\/cpcorella.educacion.navarra.es\/blogs\/tercero\/files\/2021\/05\/SmartSelect_20201204-195815_Bitmoji-768x919.jpg 768w\" sizes=\"(max-width: 847px) 100vw, 847px\" \/> <strong>Utilizamos para repasar <a href=\"https:\/\/edubook.vicensvives.com\/es\/inicio\">EDUBOOK<\/a> y los enlaces que os voy poniendo.<\/strong><\/p>\n\n\n\n<p><\/p>\n\n\n\n<p><\/p>\n","protected":false},"excerpt":{"rendered":"<p>\u00a1ES VIERNES! MATEM\u00c1TICAS TEMA 2Corregir tarea d\u00eda anterior.Multiplicar por una cifra.Ejercicios, libro p\u00e1gina 26.PROBLEMASChromebooks TAREA DE MATEM\u00c1TICASOPERACIONESDIVIDE20.345 : 64MULTIPLICA8.675 X 76PROBLEMACopia y resuelve en tu cuaderno.Ejercicio 23 de la p\u00e1gina 26. VALORES TEMA 6Seguimos con las actividades del tema. Emociones. &hellip; <a href=\"https:\/\/cpcorella.educacion.navarra.es\/blogs\/tercero\/2021\/05\/14\/trabajo-de-clase-viernes-14-de-mayo\/\">Sigue leyendo <span class=\"meta-nav\">&rarr;<\/span><\/a><\/p>\n","protected":false},"author":35,"featured_media":0,"comment_status":"open","ping_status":"closed","sticky":false,"template":"","format":"standard","meta":[],"categories":[27],"tags":[],"_links":{"self":[{"href":"https:\/\/cpcorella.educacion.navarra.es\/blogs\/tercero\/wp-json\/wp\/v2\/posts\/2264"}],"collection":[{"href":"https:\/\/cpcorella.educacion.navarra.es\/blogs\/tercero\/wp-json\/wp\/v2\/posts"}],"about":[{"href":"https:\/\/cpcorella.educacion.navarra.es\/blogs\/tercero\/wp-json\/wp\/v2\/types\/post"}],"author":[{"embeddable":true,"href":"https:\/\/cpcorella.educacion.navarra.es\/blogs\/tercero\/wp-json\/wp\/v2\/users\/35"}],"replies":[{"embeddable":true,"href":"https:\/\/cpcorella.educacion.navarra.es\/blogs\/tercero\/wp-json\/wp\/v2\/comments?post=2264"}],"version-history":[{"count":4,"href":"https:\/\/cpcorella.educacion.navarra.es\/blogs\/tercero\/wp-json\/wp\/v2\/posts\/2264\/revisions"}],"predecessor-version":[{"id":2274,"href":"https:\/\/cpcorella.educacion.navarra.es\/blogs\/tercero\/wp-json\/wp\/v2\/posts\/2264\/revisions\/2274"}],"wp:attachment":[{"href":"https:\/\/cpcorella.educacion.navarra.es\/blogs\/tercero\/wp-json\/wp\/v2\/media?parent=2264"}],"wp:term":[{"taxonomy":"category","embeddable":true,"href":"https:\/\/cpcorella.educacion.navarra.es\/blogs\/tercero\/wp-json\/wp\/v2\/categories?post=2264"},{"taxonomy":"post_tag","embeddable":true,"href":"https:\/\/cpcorella.educacion.navarra.es\/blogs\/tercero\/wp-json\/wp\/v2\/tags?post=2264"}],"curies":[{"name":"wp","href":"https:\/\/api.w.org\/{rel}","templated":true}]}}