{"id":270,"date":"2017-03-23T13:39:00","date_gmt":"2017-03-23T13:39:00","guid":{"rendered":"http:\/\/cpcorella.educacion.navarra.es\/blogs\/religion\/?p=270"},"modified":"2017-03-23T13:39:00","modified_gmt":"2017-03-23T13:39:00","slug":"bautizo-2ob","status":"publish","type":"post","link":"https:\/\/cpcorella.educacion.navarra.es\/blogs\/religion\/2017\/03\/23\/bautizo-2ob\/","title":{"rendered":"BAUTIZO 2\u00baB"},"content":{"rendered":"<p>Estas sesiones hemos estudiado el Sacramento del Bautismo, teor\u00eda, actividades y como ampliaci\u00f3n, la representaci\u00f3n de un Bautizo con sus propios mu\u00f1ecos, padres, padrinos, sacerdote y los s\u00edmbolos del Sacramentos.<\/p>\n<p>Hemos disfrutado mucho. Hab\u00e9is estado geniales!<\/p>\n<p>Ahora toca que las familias lo vean y disfruten tanto como vosotros<\/p>\n<p>Gracias, chicos<\/p>\n<p>La profe de reli<\/p>\n<p>Inma<\/p>\n<p>&nbsp;<\/p>\n<p><iframe loading=\"lazy\" title=\"VID 20170313 122509     1\u00ba\" width=\"474\" height=\"267\" src=\"https:\/\/www.youtube.com\/embed\/BDkzxyXzrjc?feature=oembed\" frameborder=\"0\" allow=\"accelerometer; autoplay; encrypted-media; gyroscope; picture-in-picture\" allowfullscreen><\/iframe><\/p>\n<p>&nbsp;<\/p>\n<p><iframe loading=\"lazy\" title=\"VID 20170313 122633       2\u00ba\" width=\"474\" height=\"267\" src=\"https:\/\/www.youtube.com\/embed\/blyJMtCFh2A?feature=oembed\" frameborder=\"0\" allow=\"accelerometer; autoplay; encrypted-media; gyroscope; picture-in-picture\" allowfullscreen><\/iframe><\/p>\n<p>&nbsp;<\/p>\n<p><iframe loading=\"lazy\" title=\"VID 20170313 122852     3\u00ba\" width=\"474\" height=\"267\" src=\"https:\/\/www.youtube.com\/embed\/JBH7eqkW7eI?feature=oembed\" frameborder=\"0\" allow=\"accelerometer; autoplay; encrypted-media; gyroscope; picture-in-picture\" allowfullscreen><\/iframe><\/p>\n<p><iframe loading=\"lazy\" title=\"VID 20170313 123247       4\u00ba\" width=\"474\" height=\"267\" src=\"https:\/\/www.youtube.com\/embed\/PIRsAqgSOgs?feature=oembed\" frameborder=\"0\" allow=\"accelerometer; autoplay; encrypted-media; gyroscope; picture-in-picture\" allowfullscreen><\/iframe><\/p>\n<p><iframe loading=\"lazy\" title=\"VID 20170313 124020     5\u00ba\" width=\"474\" height=\"267\" src=\"https:\/\/www.youtube.com\/embed\/tWSfwKhff1s?feature=oembed\" frameborder=\"0\" allow=\"accelerometer; autoplay; encrypted-media; gyroscope; picture-in-picture\" allowfullscreen><\/iframe><\/p>\n<p><iframe loading=\"lazy\" title=\"VID 20170313 124614      6\u00ba\" width=\"474\" height=\"267\" src=\"https:\/\/www.youtube.com\/embed\/_3fSAWosc2I?feature=oembed\" frameborder=\"0\" allow=\"accelerometer; autoplay; encrypted-media; gyroscope; picture-in-picture\" allowfullscreen><\/iframe><\/p>\n<p>&nbsp;<\/p>\n","protected":false},"excerpt":{"rendered":"<p>Estas sesiones hemos estudiado el Sacramento del Bautismo, teor\u00eda, actividades y como ampliaci\u00f3n, la representaci\u00f3n de un Bautizo con sus propios mu\u00f1ecos, padres, padrinos, sacerdote y los s\u00edmbolos del Sacramentos. Hemos disfrutado mucho. Hab\u00e9is estado geniales! Ahora toca que las familias lo vean y disfruten tanto como vosotros Gracias, chicos La profe de reli Inma &hellip; <a href=\"https:\/\/cpcorella.educacion.navarra.es\/blogs\/religion\/2017\/03\/23\/bautizo-2ob\/\" class=\"more-link\">Seguir leyendo <span class=\"screen-reader-text\">BAUTIZO 2\u00baB<\/span> <span class=\"meta-nav\">&rarr;<\/span><\/a><\/p>\n","protected":false},"author":13,"featured_media":0,"comment_status":"open","ping_status":"open","sticky":false,"template":"","format":"standard","meta":[],"categories":[1],"tags":[],"_links":{"self":[{"href":"https:\/\/cpcorella.educacion.navarra.es\/blogs\/religion\/wp-json\/wp\/v2\/posts\/270"}],"collection":[{"href":"https:\/\/cpcorella.educacion.navarra.es\/blogs\/religion\/wp-json\/wp\/v2\/posts"}],"about":[{"href":"https:\/\/cpcorella.educacion.navarra.es\/blogs\/religion\/wp-json\/wp\/v2\/types\/post"}],"author":[{"embeddable":true,"href":"https:\/\/cpcorella.educacion.navarra.es\/blogs\/religion\/wp-json\/wp\/v2\/users\/13"}],"replies":[{"embeddable":true,"href":"https:\/\/cpcorella.educacion.navarra.es\/blogs\/religion\/wp-json\/wp\/v2\/comments?post=270"}],"version-history":[{"count":1,"href":"https:\/\/cpcorella.educacion.navarra.es\/blogs\/religion\/wp-json\/wp\/v2\/posts\/270\/revisions"}],"predecessor-version":[{"id":271,"href":"https:\/\/cpcorella.educacion.navarra.es\/blogs\/religion\/wp-json\/wp\/v2\/posts\/270\/revisions\/271"}],"wp:attachment":[{"href":"https:\/\/cpcorella.educacion.navarra.es\/blogs\/religion\/wp-json\/wp\/v2\/media?parent=270"}],"wp:term":[{"taxonomy":"category","embeddable":true,"href":"https:\/\/cpcorella.educacion.navarra.es\/blogs\/religion\/wp-json\/wp\/v2\/categories?post=270"},{"taxonomy":"post_tag","embeddable":true,"href":"https:\/\/cpcorella.educacion.navarra.es\/blogs\/religion\/wp-json\/wp\/v2\/tags?post=270"}],"curies":[{"name":"wp","href":"https:\/\/api.w.org\/{rel}","templated":true}]}}