{"id":81,"date":"2020-03-24T08:24:16","date_gmt":"2020-03-24T07:24:16","guid":{"rendered":"https:\/\/cpcorella.educacion.navarra.es\/blogs\/primero\/?p=81"},"modified":"2020-05-13T09:36:07","modified_gmt":"2020-05-13T07:36:07","slug":"sesion-1-sociales-24-marzo","status":"publish","type":"post","link":"https:\/\/cpcorella.educacion.navarra.es\/blogs\/primero\/2020\/03\/24\/sesion-1-sociales-24-marzo\/","title":{"rendered":"SESI\u00d3N 1 SOCIALES (24 MARZO)"},"content":{"rendered":"\n<p>A lo largo de las sesiones de Sociales vamos a ir trabajando el Universo. Contenidos <br>\ncomo:<\/p>\n\n\n\n<ul><li>El sistema solar<\/li><li>El sol<\/li><li>La Tierra y sus movimientos<\/li><li>La Luna<br> En esta primera sesi\u00f3n, nos vamos a centrar en los contenidos que se presentan en las  p\u00e1ginas 76 y 77 del libro digital Vicens Vives de sociales (sistema solar).<br> Antes de abrir el libro en esas p\u00e1ginas se visionar\u00e1 el siguiente un video que introduce de  una manera breve y sencilla los contenidos que vamos a trabajar hoy. El video lo pod\u00e9is  encontrar en el siguiente enlace:<\/li><\/ul>\n\n\n\n<figure class=\"wp-block-embed-youtube wp-block-embed is-type-video is-provider-youtube wp-embed-aspect-16-9 wp-has-aspect-ratio\"><div class=\"wp-block-embed__wrapper\">\n<iframe loading=\"lazy\" title=\"El Sistema Solar | Videos Educativos para Ni\u00f1os\" width=\"604\" height=\"340\" src=\"https:\/\/www.youtube.com\/embed\/ZykXgSqet6A?feature=oembed\" frameborder=\"0\" allow=\"accelerometer; autoplay; encrypted-media; gyroscope; picture-in-picture\" allowfullscreen><\/iframe>\n<\/div><\/figure>\n\n\n\n<p>Una vez visionado el v\u00eddeo, en la sesi\u00f3n de hoy trabajaremos las p\u00e1ginas anteriormente  indicadas (76 y 77). Realizaran los ejercicios propuestos en dichas p\u00e1ginas de manera  oral.<br> Asimismo, realizar\u00e1n las actividades interactivas propuestas para esta sesi\u00f3n en el  ordenador.<\/p>\n\n\n\n<p>Para cerrar la sesi\u00f3n pueden ver el siguiente video:<\/p>\n\n\n\n<figure class=\"wp-block-embed-youtube wp-block-embed is-type-video is-provider-youtube wp-embed-aspect-16-9 wp-has-aspect-ratio\"><div class=\"wp-block-embed__wrapper\">\n<iframe loading=\"lazy\" title=\"El Sistema Solar para ni\u00f1os | Planeta a planeta | Recopilaci\u00f3n\" width=\"604\" height=\"340\" src=\"https:\/\/www.youtube.com\/embed\/pS7p6FfU4bE?feature=oembed\" frameborder=\"0\" allow=\"accelerometer; autoplay; encrypted-media; gyroscope; picture-in-picture\" allowfullscreen><\/iframe>\n<\/div><\/figure>\n\n\n\n<p>Es un v\u00eddeo un poco m\u00e1s largo que el de presentaci\u00f3n, pero hace un repaso global e   interactivo de lo que se ha trabajado en la sesi\u00f3n.<\/p>\n\n\n\n<figure class=\"wp-block-image size-large\"><img loading=\"lazy\" width=\"814\" height=\"549\" src=\"https:\/\/cpcorella.educacion.navarra.es\/blogs\/primero\/files\/2020\/03\/Captura-8.jpg\" alt=\"\" class=\"wp-image-82\" srcset=\"https:\/\/cpcorella.educacion.navarra.es\/blogs\/primero\/files\/2020\/03\/Captura-8.jpg 814w, https:\/\/cpcorella.educacion.navarra.es\/blogs\/primero\/files\/2020\/03\/Captura-8-300x202.jpg 300w, https:\/\/cpcorella.educacion.navarra.es\/blogs\/primero\/files\/2020\/03\/Captura-8-768x518.jpg 768w\" sizes=\"(max-width: 814px) 100vw, 814px\" \/><\/figure>\n","protected":false},"excerpt":{"rendered":"<p>A lo largo de las sesiones de Sociales vamos a ir trabajando el Universo. Contenidos como: El sistema solar El sol La Tierra y sus movimientos La Luna En esta primera sesi\u00f3n, nos vamos a centrar en los contenidos que se presentan en las p\u00e1ginas 76 y 77 del libro digital Vicens Vives de sociales &hellip; <a href=\"https:\/\/cpcorella.educacion.navarra.es\/blogs\/primero\/2020\/03\/24\/sesion-1-sociales-24-marzo\/\" class=\"more-link\">Seguir leyendo <span class=\"screen-reader-text\">SESI\u00d3N 1 SOCIALES (24 MARZO)<\/span> <span class=\"meta-nav\">&rarr;<\/span><\/a><\/p>\n","protected":false},"author":6,"featured_media":0,"comment_status":"open","ping_status":"open","sticky":false,"template":"","format":"standard","meta":[],"categories":[11,28],"tags":[],"_links":{"self":[{"href":"https:\/\/cpcorella.educacion.navarra.es\/blogs\/primero\/wp-json\/wp\/v2\/posts\/81"}],"collection":[{"href":"https:\/\/cpcorella.educacion.navarra.es\/blogs\/primero\/wp-json\/wp\/v2\/posts"}],"about":[{"href":"https:\/\/cpcorella.educacion.navarra.es\/blogs\/primero\/wp-json\/wp\/v2\/types\/post"}],"author":[{"embeddable":true,"href":"https:\/\/cpcorella.educacion.navarra.es\/blogs\/primero\/wp-json\/wp\/v2\/users\/6"}],"replies":[{"embeddable":true,"href":"https:\/\/cpcorella.educacion.navarra.es\/blogs\/primero\/wp-json\/wp\/v2\/comments?post=81"}],"version-history":[{"count":2,"href":"https:\/\/cpcorella.educacion.navarra.es\/blogs\/primero\/wp-json\/wp\/v2\/posts\/81\/revisions"}],"predecessor-version":[{"id":1338,"href":"https:\/\/cpcorella.educacion.navarra.es\/blogs\/primero\/wp-json\/wp\/v2\/posts\/81\/revisions\/1338"}],"wp:attachment":[{"href":"https:\/\/cpcorella.educacion.navarra.es\/blogs\/primero\/wp-json\/wp\/v2\/media?parent=81"}],"wp:term":[{"taxonomy":"category","embeddable":true,"href":"https:\/\/cpcorella.educacion.navarra.es\/blogs\/primero\/wp-json\/wp\/v2\/categories?post=81"},{"taxonomy":"post_tag","embeddable":true,"href":"https:\/\/cpcorella.educacion.navarra.es\/blogs\/primero\/wp-json\/wp\/v2\/tags?post=81"}],"curies":[{"name":"wp","href":"https:\/\/api.w.org\/{rel}","templated":true}]}}