{"id":37,"date":"2020-03-20T18:40:25","date_gmt":"2020-03-20T18:40:25","guid":{"rendered":"https:\/\/cpcorella.educacion.navarra.es\/blogs\/primero\/?p=37"},"modified":"2020-03-25T15:59:27","modified_gmt":"2020-03-25T15:59:27","slug":"lunes-16-a-miercoles-18","status":"publish","type":"post","link":"https:\/\/cpcorella.educacion.navarra.es\/blogs\/primero\/2020\/03\/20\/lunes-16-a-miercoles-18\/","title":{"rendered":"INSTRUCCIONES INICIALES."},"content":{"rendered":"\n<p>Estimadas familias;<\/p>\n\n\n\n<p>Ante la actual situaci\u00f3n en la que nos encontramos,\nhemos decidido en una reuni\u00f3n de coordinaci\u00f3n establecer las siguientes pautas durante\nestos 15 d\u00edas de cierre del centro.<\/p>\n\n\n\n<p>Como tarea se les adjunta:<\/p>\n\n\n\n<p>-Empezar\/continuar\ncuadernillos de rubio de sumas, restas y resoluci\u00f3n de problemas.<\/p>\n\n\n\n<p>-Comprensiones\nlectoras.<\/p>\n\n\n\n<p>Como recurso adicional para trabajar contenidos relacionados con el \u00e1rea de Matem\u00e1ticas y Lengua se a\u00f1ade el enlace a los recursos multimedia del centro.<\/p>\n\n\n\n<figure class=\"wp-block-embed-wordpress aligncenter wp-block-embed is-type-wp-embed is-provider-cpeip-quot-ciudad-de-corella-quot-corella\"><div class=\"wp-block-embed__wrapper\">\n<blockquote class=\"wp-embedded-content\" data-secret=\"9mB0TedUOS\"><a href=\"https:\/\/cpcorella.educacion.navarra.es\/blogs\/recursos-1o-e-p\/\">RECURSOS 1\u00ba E.P.<\/a><\/blockquote><iframe title=\"&#171;RECURSOS 1\u00ba E.P.&#187; &#8212; CPEIP &quot;CIUDAD DE CORELLA&quot;.                                                         CORELLA\" class=\"wp-embedded-content\" sandbox=\"allow-scripts\" security=\"restricted\" style=\"position: absolute; clip: rect(1px, 1px, 1px, 1px);\" src=\"https:\/\/cpcorella.educacion.navarra.es\/blogs\/recursos-1o-e-p\/embed\/#?secret=9mB0TedUOS\" data-secret=\"9mB0TedUOS\" width=\"600\" height=\"338\" frameborder=\"0\" marginwidth=\"0\" marginheight=\"0\" scrolling=\"no\"><\/iframe>\n<\/div><\/figure>\n\n\n\n<ul><li>Cada d\u00eda se adjuntar\u00e1 en cada asignatura la tarea establecida y a los dos d\u00edas la correcci\u00f3n de dicha tarea.<\/li><li>Tambi\u00e9n os recordamos el acceso a todos los libros en el siguiente enlace (Ususrio y contrase\u00f1a, adem\u00e1s de las instrucciones se os enviaron v\u00eda whatssapp)<\/li><\/ul>\n\n\n\n<p><a href=\"http:\/\/edubook.vicensvives.com\/es\/inicio\"><img loading=\"lazy\" class=\"aligncenter size-thumbnail wp-image-42\" src=\"https:\/\/cpcorella.educacion.navarra.es\/blogs\/primero\/files\/2020\/03\/depositphotos_9548893-stock-photo-book-mascot-150x150.jpg\" alt=\"\" width=\"150\" height=\"150\" \/><\/a><\/p>\n\n\n\n<p>Aviso: quedan suspendidas las tutor\u00edas hasta nuevo aviso.<\/p>\n\n\n\n<p>Un\nsaludo,<\/p>\n\n\n\n<p>Las\ntutoras de 1\u00ba.<\/p>\n","protected":false},"excerpt":{"rendered":"<p>Estimadas familias; Ante la actual situaci\u00f3n en la que nos encontramos, hemos decidido en una reuni\u00f3n de coordinaci\u00f3n establecer las siguientes pautas durante estos 15 d\u00edas de cierre del centro. Como tarea se les adjunta: -Empezar\/continuar cuadernillos de rubio de sumas, restas y resoluci\u00f3n de problemas. -Comprensiones lectoras. Como recurso adicional para trabajar contenidos relacionados &hellip; <a href=\"https:\/\/cpcorella.educacion.navarra.es\/blogs\/primero\/2020\/03\/20\/lunes-16-a-miercoles-18\/\" class=\"more-link\">Seguir leyendo <span class=\"screen-reader-text\">INSTRUCCIONES INICIALES.<\/span> <span class=\"meta-nav\">&rarr;<\/span><\/a><\/p>\n","protected":false},"author":6,"featured_media":0,"comment_status":"open","ping_status":"open","sticky":false,"template":"","format":"standard","meta":[],"categories":[11,10,9],"tags":[],"_links":{"self":[{"href":"https:\/\/cpcorella.educacion.navarra.es\/blogs\/primero\/wp-json\/wp\/v2\/posts\/37"}],"collection":[{"href":"https:\/\/cpcorella.educacion.navarra.es\/blogs\/primero\/wp-json\/wp\/v2\/posts"}],"about":[{"href":"https:\/\/cpcorella.educacion.navarra.es\/blogs\/primero\/wp-json\/wp\/v2\/types\/post"}],"author":[{"embeddable":true,"href":"https:\/\/cpcorella.educacion.navarra.es\/blogs\/primero\/wp-json\/wp\/v2\/users\/6"}],"replies":[{"embeddable":true,"href":"https:\/\/cpcorella.educacion.navarra.es\/blogs\/primero\/wp-json\/wp\/v2\/comments?post=37"}],"version-history":[{"count":4,"href":"https:\/\/cpcorella.educacion.navarra.es\/blogs\/primero\/wp-json\/wp\/v2\/posts\/37\/revisions"}],"predecessor-version":[{"id":163,"href":"https:\/\/cpcorella.educacion.navarra.es\/blogs\/primero\/wp-json\/wp\/v2\/posts\/37\/revisions\/163"}],"wp:attachment":[{"href":"https:\/\/cpcorella.educacion.navarra.es\/blogs\/primero\/wp-json\/wp\/v2\/media?parent=37"}],"wp:term":[{"taxonomy":"category","embeddable":true,"href":"https:\/\/cpcorella.educacion.navarra.es\/blogs\/primero\/wp-json\/wp\/v2\/categories?post=37"},{"taxonomy":"post_tag","embeddable":true,"href":"https:\/\/cpcorella.educacion.navarra.es\/blogs\/primero\/wp-json\/wp\/v2\/tags?post=37"}],"curies":[{"name":"wp","href":"https:\/\/api.w.org\/{rel}","templated":true}]}}