{"id":1873,"date":"2020-06-12T12:28:48","date_gmt":"2020-06-12T10:28:48","guid":{"rendered":"https:\/\/cpcorella.educacion.navarra.es\/blogs\/primero\/?p=1873"},"modified":"2020-06-14T11:45:12","modified_gmt":"2020-06-14T09:45:12","slug":"manualidades-1o-a-2","status":"publish","type":"post","link":"https:\/\/cpcorella.educacion.navarra.es\/blogs\/primero\/2020\/06\/12\/manualidades-1o-a-2\/","title":{"rendered":"Manualidades 1\u00ba A"},"content":{"rendered":"\n<p>Aqu\u00ed os mostramos m\u00e1s trabajos de la clase de 1\u00baA. Estos chicos y chicas lo est\u00e1n dando todo hasta el \u00faltimo d\u00eda. \u00a1Bravo!<\/p>\n\n\n\n<figure class=\"wp-block-gallery columns-2 is-cropped\"><ul class=\"blocks-gallery-grid\"><li class=\"blocks-gallery-item\"><figure><img loading=\"lazy\" width=\"725\" height=\"1024\" src=\"https:\/\/cpcorella.educacion.navarra.es\/blogs\/primero\/files\/2020\/06\/TANGRAM-VEGA_page-0001-1-725x1024.jpg\" alt=\"\" data-id=\"1951\" data-full-url=\"https:\/\/cpcorella.educacion.navarra.es\/blogs\/primero\/files\/2020\/06\/TANGRAM-VEGA_page-0001-1.jpg\" data-link=\"https:\/\/cpcorella.educacion.navarra.es\/blogs\/primero\/2020\/06\/12\/manualidades-1o-a-2\/tangram-vega_page-0001-1\/\" class=\"wp-image-1951\" srcset=\"https:\/\/cpcorella.educacion.navarra.es\/blogs\/primero\/files\/2020\/06\/TANGRAM-VEGA_page-0001-1-725x1024.jpg 725w, https:\/\/cpcorella.educacion.navarra.es\/blogs\/primero\/files\/2020\/06\/TANGRAM-VEGA_page-0001-1-212x300.jpg 212w, https:\/\/cpcorella.educacion.navarra.es\/blogs\/primero\/files\/2020\/06\/TANGRAM-VEGA_page-0001-1-768x1085.jpg 768w, https:\/\/cpcorella.educacion.navarra.es\/blogs\/primero\/files\/2020\/06\/TANGRAM-VEGA_page-0001-1-1087x1536.jpg 1087w, https:\/\/cpcorella.educacion.navarra.es\/blogs\/primero\/files\/2020\/06\/TANGRAM-VEGA_page-0001-1.jpg 1241w\" sizes=\"(max-width: 725px) 100vw, 725px\" \/><\/figure><\/li><li class=\"blocks-gallery-item\"><figure><img loading=\"lazy\" width=\"480\" height=\"640\" src=\"https:\/\/cpcorella.educacion.navarra.es\/blogs\/primero\/files\/2020\/06\/rueda-tiempo-y-calendario-1-rotated.jpg\" alt=\"\" data-id=\"1952\" data-full-url=\"https:\/\/cpcorella.educacion.navarra.es\/blogs\/primero\/files\/2020\/06\/rueda-tiempo-y-calendario-1-rotated.jpg\" data-link=\"https:\/\/cpcorella.educacion.navarra.es\/blogs\/primero\/2020\/06\/12\/manualidades-1o-a-2\/rueda-tiempo-y-calendario-1\/\" class=\"wp-image-1952\" srcset=\"https:\/\/cpcorella.educacion.navarra.es\/blogs\/primero\/files\/2020\/06\/rueda-tiempo-y-calendario-1-rotated.jpg 480w, https:\/\/cpcorella.educacion.navarra.es\/blogs\/primero\/files\/2020\/06\/rueda-tiempo-y-calendario-1-225x300.jpg 225w\" sizes=\"(max-width: 480px) 100vw, 480px\" \/><\/figure><\/li><\/ul><\/figure>\n\n\n\n<p><\/p>\n\n\n\n<figure class=\"wp-block-gallery columns-3 is-cropped\"><ul class=\"blocks-gallery-grid\"><li class=\"blocks-gallery-item\"><figure><img loading=\"lazy\" width=\"1024\" height=\"768\" src=\"https:\/\/cpcorella.educacion.navarra.es\/blogs\/primero\/files\/2020\/06\/Mayor-menor-1-1024x768.jpg\" alt=\"\" data-id=\"1874\" data-full-url=\"https:\/\/cpcorella.educacion.navarra.es\/blogs\/primero\/files\/2020\/06\/Mayor-menor-1-scaled.jpg\" data-link=\"https:\/\/cpcorella.educacion.navarra.es\/blogs\/primero\/?attachment_id=1874\" class=\"wp-image-1874\" srcset=\"https:\/\/cpcorella.educacion.navarra.es\/blogs\/primero\/files\/2020\/06\/Mayor-menor-1-1024x768.jpg 1024w, https:\/\/cpcorella.educacion.navarra.es\/blogs\/primero\/files\/2020\/06\/Mayor-menor-1-300x225.jpg 300w, https:\/\/cpcorella.educacion.navarra.es\/blogs\/primero\/files\/2020\/06\/Mayor-menor-1-768x576.jpg 768w, https:\/\/cpcorella.educacion.navarra.es\/blogs\/primero\/files\/2020\/06\/Mayor-menor-1-1536x1152.jpg 1536w, https:\/\/cpcorella.educacion.navarra.es\/blogs\/primero\/files\/2020\/06\/Mayor-menor-1-2048x1536.jpg 2048w\" sizes=\"(max-width: 1024px) 100vw, 1024px\" \/><\/figure><\/li><li class=\"blocks-gallery-item\"><figure><img loading=\"lazy\" width=\"397\" height=\"640\" src=\"https:\/\/cpcorella.educacion.navarra.es\/blogs\/primero\/files\/2020\/06\/Globos.jpg\" alt=\"\" data-id=\"1875\" data-full-url=\"https:\/\/cpcorella.educacion.navarra.es\/blogs\/primero\/files\/2020\/06\/Globos.jpg\" data-link=\"https:\/\/cpcorella.educacion.navarra.es\/blogs\/primero\/?attachment_id=1875\" class=\"wp-image-1875\" srcset=\"https:\/\/cpcorella.educacion.navarra.es\/blogs\/primero\/files\/2020\/06\/Globos.jpg 397w, https:\/\/cpcorella.educacion.navarra.es\/blogs\/primero\/files\/2020\/06\/Globos-186x300.jpg 186w\" sizes=\"(max-width: 397px) 100vw, 397px\" \/><\/figure><\/li><li class=\"blocks-gallery-item\"><figure><img loading=\"lazy\" width=\"576\" height=\"1024\" src=\"https:\/\/cpcorella.educacion.navarra.es\/blogs\/primero\/files\/2020\/06\/Mayor-menor-2-576x1024.jpg\" alt=\"\" data-id=\"1876\" data-full-url=\"https:\/\/cpcorella.educacion.navarra.es\/blogs\/primero\/files\/2020\/06\/Mayor-menor-2-scaled.jpg\" data-link=\"https:\/\/cpcorella.educacion.navarra.es\/blogs\/primero\/?attachment_id=1876\" class=\"wp-image-1876\" srcset=\"https:\/\/cpcorella.educacion.navarra.es\/blogs\/primero\/files\/2020\/06\/Mayor-menor-2-576x1024.jpg 576w, https:\/\/cpcorella.educacion.navarra.es\/blogs\/primero\/files\/2020\/06\/Mayor-menor-2-169x300.jpg 169w, https:\/\/cpcorella.educacion.navarra.es\/blogs\/primero\/files\/2020\/06\/Mayor-menor-2-768x1365.jpg 768w, https:\/\/cpcorella.educacion.navarra.es\/blogs\/primero\/files\/2020\/06\/Mayor-menor-2-864x1536.jpg 864w, https:\/\/cpcorella.educacion.navarra.es\/blogs\/primero\/files\/2020\/06\/Mayor-menor-2-1152x2048.jpg 1152w, https:\/\/cpcorella.educacion.navarra.es\/blogs\/primero\/files\/2020\/06\/Mayor-menor-2-scaled.jpg 1440w\" sizes=\"(max-width: 576px) 100vw, 576px\" \/><\/figure><\/li><li class=\"blocks-gallery-item\"><figure><img loading=\"lazy\" width=\"576\" height=\"1024\" src=\"https:\/\/cpcorella.educacion.navarra.es\/blogs\/primero\/files\/2020\/06\/Recta-num\u00e9rica-3-576x1024.jpg\" alt=\"\" data-id=\"1877\" data-full-url=\"https:\/\/cpcorella.educacion.navarra.es\/blogs\/primero\/files\/2020\/06\/Recta-num\u00e9rica-3-scaled.jpg\" data-link=\"https:\/\/cpcorella.educacion.navarra.es\/blogs\/primero\/?attachment_id=1877\" class=\"wp-image-1877\" srcset=\"https:\/\/cpcorella.educacion.navarra.es\/blogs\/primero\/files\/2020\/06\/Recta-num\u00e9rica-3-576x1024.jpg 576w, https:\/\/cpcorella.educacion.navarra.es\/blogs\/primero\/files\/2020\/06\/Recta-num\u00e9rica-3-169x300.jpg 169w, https:\/\/cpcorella.educacion.navarra.es\/blogs\/primero\/files\/2020\/06\/Recta-num\u00e9rica-3-768x1365.jpg 768w, https:\/\/cpcorella.educacion.navarra.es\/blogs\/primero\/files\/2020\/06\/Recta-num\u00e9rica-3-864x1536.jpg 864w, https:\/\/cpcorella.educacion.navarra.es\/blogs\/primero\/files\/2020\/06\/Recta-num\u00e9rica-3-1152x2048.jpg 1152w, https:\/\/cpcorella.educacion.navarra.es\/blogs\/primero\/files\/2020\/06\/Recta-num\u00e9rica-3-scaled.jpg 1440w\" sizes=\"(max-width: 576px) 100vw, 576px\" \/><\/figure><\/li><li class=\"blocks-gallery-item\"><figure><img loading=\"lazy\" width=\"576\" height=\"1024\" src=\"https:\/\/cpcorella.educacion.navarra.es\/blogs\/primero\/files\/2020\/06\/Globos-1-576x1024.jpg\" alt=\"\" data-id=\"1878\" data-full-url=\"https:\/\/cpcorella.educacion.navarra.es\/blogs\/primero\/files\/2020\/06\/Globos-1-scaled.jpg\" data-link=\"https:\/\/cpcorella.educacion.navarra.es\/blogs\/primero\/?attachment_id=1878\" class=\"wp-image-1878\" srcset=\"https:\/\/cpcorella.educacion.navarra.es\/blogs\/primero\/files\/2020\/06\/Globos-1-576x1024.jpg 576w, https:\/\/cpcorella.educacion.navarra.es\/blogs\/primero\/files\/2020\/06\/Globos-1-169x300.jpg 169w, https:\/\/cpcorella.educacion.navarra.es\/blogs\/primero\/files\/2020\/06\/Globos-1-768x1365.jpg 768w, https:\/\/cpcorella.educacion.navarra.es\/blogs\/primero\/files\/2020\/06\/Globos-1-864x1536.jpg 864w, https:\/\/cpcorella.educacion.navarra.es\/blogs\/primero\/files\/2020\/06\/Globos-1-1152x2048.jpg 1152w, https:\/\/cpcorella.educacion.navarra.es\/blogs\/primero\/files\/2020\/06\/Globos-1-scaled.jpg 1440w\" sizes=\"(max-width: 576px) 100vw, 576px\" \/><\/figure><\/li><li class=\"blocks-gallery-item\"><figure><img loading=\"lazy\" width=\"576\" height=\"1024\" src=\"https:\/\/cpcorella.educacion.navarra.es\/blogs\/primero\/files\/2020\/06\/Reloj-2-576x1024.jpg\" alt=\"\" data-id=\"1879\" data-full-url=\"https:\/\/cpcorella.educacion.navarra.es\/blogs\/primero\/files\/2020\/06\/Reloj-2-scaled.jpg\" data-link=\"https:\/\/cpcorella.educacion.navarra.es\/blogs\/primero\/?attachment_id=1879\" class=\"wp-image-1879\" srcset=\"https:\/\/cpcorella.educacion.navarra.es\/blogs\/primero\/files\/2020\/06\/Reloj-2-576x1024.jpg 576w, https:\/\/cpcorella.educacion.navarra.es\/blogs\/primero\/files\/2020\/06\/Reloj-2-169x300.jpg 169w, https:\/\/cpcorella.educacion.navarra.es\/blogs\/primero\/files\/2020\/06\/Reloj-2-768x1365.jpg 768w, https:\/\/cpcorella.educacion.navarra.es\/blogs\/primero\/files\/2020\/06\/Reloj-2-864x1536.jpg 864w, https:\/\/cpcorella.educacion.navarra.es\/blogs\/primero\/files\/2020\/06\/Reloj-2-1152x2048.jpg 1152w, https:\/\/cpcorella.educacion.navarra.es\/blogs\/primero\/files\/2020\/06\/Reloj-2-scaled.jpg 1440w\" sizes=\"(max-width: 576px) 100vw, 576px\" \/><\/figure><\/li><li class=\"blocks-gallery-item\"><figure><img loading=\"lazy\" width=\"768\" height=\"1024\" src=\"https:\/\/cpcorella.educacion.navarra.es\/blogs\/primero\/files\/2020\/06\/Gloria-Fuertes-768x1024.jpg\" alt=\"\" data-id=\"1880\" data-full-url=\"https:\/\/cpcorella.educacion.navarra.es\/blogs\/primero\/files\/2020\/06\/Gloria-Fuertes.jpg\" data-link=\"https:\/\/cpcorella.educacion.navarra.es\/blogs\/primero\/?attachment_id=1880\" class=\"wp-image-1880\" srcset=\"https:\/\/cpcorella.educacion.navarra.es\/blogs\/primero\/files\/2020\/06\/Gloria-Fuertes-768x1024.jpg 768w, https:\/\/cpcorella.educacion.navarra.es\/blogs\/primero\/files\/2020\/06\/Gloria-Fuertes-225x300.jpg 225w, https:\/\/cpcorella.educacion.navarra.es\/blogs\/primero\/files\/2020\/06\/Gloria-Fuertes-1152x1536.jpg 1152w, https:\/\/cpcorella.educacion.navarra.es\/blogs\/primero\/files\/2020\/06\/Gloria-Fuertes.jpg 1200w\" sizes=\"(max-width: 768px) 100vw, 768px\" \/><\/figure><\/li><li class=\"blocks-gallery-item\"><figure><img loading=\"lazy\" width=\"768\" height=\"1024\" src=\"https:\/\/cpcorella.educacion.navarra.es\/blogs\/primero\/files\/2020\/06\/Flores-768x1024.jpg\" alt=\"\" data-id=\"1881\" data-full-url=\"https:\/\/cpcorella.educacion.navarra.es\/blogs\/primero\/files\/2020\/06\/Flores.jpg\" data-link=\"https:\/\/cpcorella.educacion.navarra.es\/blogs\/primero\/?attachment_id=1881\" class=\"wp-image-1881\" srcset=\"https:\/\/cpcorella.educacion.navarra.es\/blogs\/primero\/files\/2020\/06\/Flores-768x1024.jpg 768w, https:\/\/cpcorella.educacion.navarra.es\/blogs\/primero\/files\/2020\/06\/Flores-225x300.jpg 225w, https:\/\/cpcorella.educacion.navarra.es\/blogs\/primero\/files\/2020\/06\/Flores-1152x1536.jpg 1152w, https:\/\/cpcorella.educacion.navarra.es\/blogs\/primero\/files\/2020\/06\/Flores.jpg 1200w\" sizes=\"(max-width: 768px) 100vw, 768px\" \/><\/figure><\/li><li class=\"blocks-gallery-item\"><figure><img loading=\"lazy\" width=\"576\" height=\"1024\" src=\"https:\/\/cpcorella.educacion.navarra.es\/blogs\/primero\/files\/2020\/06\/Globos-1-1-576x1024.jpg\" alt=\"\" data-id=\"1882\" data-full-url=\"https:\/\/cpcorella.educacion.navarra.es\/blogs\/primero\/files\/2020\/06\/Globos-1-1.jpg\" data-link=\"https:\/\/cpcorella.educacion.navarra.es\/blogs\/primero\/?attachment_id=1882\" class=\"wp-image-1882\" srcset=\"https:\/\/cpcorella.educacion.navarra.es\/blogs\/primero\/files\/2020\/06\/Globos-1-1-576x1024.jpg 576w, https:\/\/cpcorella.educacion.navarra.es\/blogs\/primero\/files\/2020\/06\/Globos-1-1-169x300.jpg 169w, https:\/\/cpcorella.educacion.navarra.es\/blogs\/primero\/files\/2020\/06\/Globos-1-1-768x1365.jpg 768w, https:\/\/cpcorella.educacion.navarra.es\/blogs\/primero\/files\/2020\/06\/Globos-1-1-864x1536.jpg 864w, https:\/\/cpcorella.educacion.navarra.es\/blogs\/primero\/files\/2020\/06\/Globos-1-1.jpg 900w\" sizes=\"(max-width: 576px) 100vw, 576px\" \/><\/figure><\/li><li class=\"blocks-gallery-item\"><figure><img loading=\"lazy\" width=\"768\" height=\"1024\" src=\"https:\/\/cpcorella.educacion.navarra.es\/blogs\/primero\/files\/2020\/06\/Calendario-768x1024.jpeg\" alt=\"\" data-id=\"1883\" data-full-url=\"https:\/\/cpcorella.educacion.navarra.es\/blogs\/primero\/files\/2020\/06\/Calendario-scaled.jpeg\" data-link=\"https:\/\/cpcorella.educacion.navarra.es\/blogs\/primero\/?attachment_id=1883\" class=\"wp-image-1883\" srcset=\"https:\/\/cpcorella.educacion.navarra.es\/blogs\/primero\/files\/2020\/06\/Calendario-768x1024.jpeg 768w, https:\/\/cpcorella.educacion.navarra.es\/blogs\/primero\/files\/2020\/06\/Calendario-225x300.jpeg 225w, https:\/\/cpcorella.educacion.navarra.es\/blogs\/primero\/files\/2020\/06\/Calendario-1152x1536.jpeg 1152w, https:\/\/cpcorella.educacion.navarra.es\/blogs\/primero\/files\/2020\/06\/Calendario-1536x2048.jpeg 1536w, https:\/\/cpcorella.educacion.navarra.es\/blogs\/primero\/files\/2020\/06\/Calendario-scaled.jpeg 1920w\" sizes=\"(max-width: 768px) 100vw, 768px\" \/><\/figure><\/li><li class=\"blocks-gallery-item\"><figure><img loading=\"lazy\" width=\"768\" height=\"1024\" src=\"https:\/\/cpcorella.educacion.navarra.es\/blogs\/primero\/files\/2020\/06\/Rueda-del-tiempo-768x1024.jpeg\" alt=\"\" data-id=\"1884\" data-full-url=\"https:\/\/cpcorella.educacion.navarra.es\/blogs\/primero\/files\/2020\/06\/Rueda-del-tiempo-scaled.jpeg\" data-link=\"https:\/\/cpcorella.educacion.navarra.es\/blogs\/primero\/?attachment_id=1884\" class=\"wp-image-1884\" srcset=\"https:\/\/cpcorella.educacion.navarra.es\/blogs\/primero\/files\/2020\/06\/Rueda-del-tiempo-768x1024.jpeg 768w, https:\/\/cpcorella.educacion.navarra.es\/blogs\/primero\/files\/2020\/06\/Rueda-del-tiempo-225x300.jpeg 225w, https:\/\/cpcorella.educacion.navarra.es\/blogs\/primero\/files\/2020\/06\/Rueda-del-tiempo-1152x1536.jpeg 1152w, https:\/\/cpcorella.educacion.navarra.es\/blogs\/primero\/files\/2020\/06\/Rueda-del-tiempo-1536x2048.jpeg 1536w, https:\/\/cpcorella.educacion.navarra.es\/blogs\/primero\/files\/2020\/06\/Rueda-del-tiempo-scaled.jpeg 1920w\" sizes=\"(max-width: 768px) 100vw, 768px\" \/><\/figure><\/li><li class=\"blocks-gallery-item\"><figure><img loading=\"lazy\" width=\"768\" height=\"1024\" src=\"https:\/\/cpcorella.educacion.navarra.es\/blogs\/primero\/files\/2020\/06\/Popurr\u00ed-768x1024.jpg\" alt=\"\" data-id=\"1885\" data-full-url=\"https:\/\/cpcorella.educacion.navarra.es\/blogs\/primero\/files\/2020\/06\/Popurr\u00ed-scaled.jpg\" data-link=\"https:\/\/cpcorella.educacion.navarra.es\/blogs\/primero\/?attachment_id=1885\" class=\"wp-image-1885\" srcset=\"https:\/\/cpcorella.educacion.navarra.es\/blogs\/primero\/files\/2020\/06\/Popurr\u00ed-768x1024.jpg 768w, https:\/\/cpcorella.educacion.navarra.es\/blogs\/primero\/files\/2020\/06\/Popurr\u00ed-225x300.jpg 225w, https:\/\/cpcorella.educacion.navarra.es\/blogs\/primero\/files\/2020\/06\/Popurr\u00ed-1152x1536.jpg 1152w, https:\/\/cpcorella.educacion.navarra.es\/blogs\/primero\/files\/2020\/06\/Popurr\u00ed-1536x2048.jpg 1536w, https:\/\/cpcorella.educacion.navarra.es\/blogs\/primero\/files\/2020\/06\/Popurr\u00ed-scaled.jpg 1920w\" sizes=\"(max-width: 768px) 100vw, 768px\" \/><\/figure><\/li><li class=\"blocks-gallery-item\"><figure><img loading=\"lazy\" width=\"576\" height=\"1024\" src=\"https:\/\/cpcorella.educacion.navarra.es\/blogs\/primero\/files\/2020\/06\/Gloria-Fuertes-margarita-576x1024.jpg\" alt=\"\" data-id=\"1886\" data-full-url=\"https:\/\/cpcorella.educacion.navarra.es\/blogs\/primero\/files\/2020\/06\/Gloria-Fuertes-margarita-scaled.jpg\" data-link=\"https:\/\/cpcorella.educacion.navarra.es\/blogs\/primero\/?attachment_id=1886\" class=\"wp-image-1886\" srcset=\"https:\/\/cpcorella.educacion.navarra.es\/blogs\/primero\/files\/2020\/06\/Gloria-Fuertes-margarita-576x1024.jpg 576w, https:\/\/cpcorella.educacion.navarra.es\/blogs\/primero\/files\/2020\/06\/Gloria-Fuertes-margarita-169x300.jpg 169w, https:\/\/cpcorella.educacion.navarra.es\/blogs\/primero\/files\/2020\/06\/Gloria-Fuertes-margarita-768x1365.jpg 768w, https:\/\/cpcorella.educacion.navarra.es\/blogs\/primero\/files\/2020\/06\/Gloria-Fuertes-margarita-864x1536.jpg 864w, https:\/\/cpcorella.educacion.navarra.es\/blogs\/primero\/files\/2020\/06\/Gloria-Fuertes-margarita-1152x2048.jpg 1152w, https:\/\/cpcorella.educacion.navarra.es\/blogs\/primero\/files\/2020\/06\/Gloria-Fuertes-margarita-scaled.jpg 1440w\" sizes=\"(max-width: 576px) 100vw, 576px\" \/><\/figure><\/li><li class=\"blocks-gallery-item\"><figure><img loading=\"lazy\" width=\"576\" height=\"1024\" src=\"https:\/\/cpcorella.educacion.navarra.es\/blogs\/primero\/files\/2020\/06\/Gloria-Fuertes-retrato-576x1024.jpg\" alt=\"\" data-id=\"1887\" data-full-url=\"https:\/\/cpcorella.educacion.navarra.es\/blogs\/primero\/files\/2020\/06\/Gloria-Fuertes-retrato-scaled.jpg\" data-link=\"https:\/\/cpcorella.educacion.navarra.es\/blogs\/primero\/?attachment_id=1887\" class=\"wp-image-1887\" srcset=\"https:\/\/cpcorella.educacion.navarra.es\/blogs\/primero\/files\/2020\/06\/Gloria-Fuertes-retrato-576x1024.jpg 576w, https:\/\/cpcorella.educacion.navarra.es\/blogs\/primero\/files\/2020\/06\/Gloria-Fuertes-retrato-169x300.jpg 169w, https:\/\/cpcorella.educacion.navarra.es\/blogs\/primero\/files\/2020\/06\/Gloria-Fuertes-retrato-768x1365.jpg 768w, https:\/\/cpcorella.educacion.navarra.es\/blogs\/primero\/files\/2020\/06\/Gloria-Fuertes-retrato-864x1536.jpg 864w, https:\/\/cpcorella.educacion.navarra.es\/blogs\/primero\/files\/2020\/06\/Gloria-Fuertes-retrato-1152x2048.jpg 1152w, https:\/\/cpcorella.educacion.navarra.es\/blogs\/primero\/files\/2020\/06\/Gloria-Fuertes-retrato-scaled.jpg 1440w\" sizes=\"(max-width: 576px) 100vw, 576px\" \/><\/figure><\/li><\/ul><\/figure>\n\n\n\n<p><\/p>\n","protected":false},"excerpt":{"rendered":"<p>Aqu\u00ed os mostramos m\u00e1s trabajos de la clase de 1\u00baA. Estos chicos y chicas lo est\u00e1n dando todo hasta el \u00faltimo d\u00eda. \u00a1Bravo!<\/p>\n","protected":false},"author":29,"featured_media":0,"comment_status":"open","ping_status":"open","sticky":true,"template":"","format":"standard","meta":[],"categories":[20],"tags":[],"_links":{"self":[{"href":"https:\/\/cpcorella.educacion.navarra.es\/blogs\/primero\/wp-json\/wp\/v2\/posts\/1873"}],"collection":[{"href":"https:\/\/cpcorella.educacion.navarra.es\/blogs\/primero\/wp-json\/wp\/v2\/posts"}],"about":[{"href":"https:\/\/cpcorella.educacion.navarra.es\/blogs\/primero\/wp-json\/wp\/v2\/types\/post"}],"author":[{"embeddable":true,"href":"https:\/\/cpcorella.educacion.navarra.es\/blogs\/primero\/wp-json\/wp\/v2\/users\/29"}],"replies":[{"embeddable":true,"href":"https:\/\/cpcorella.educacion.navarra.es\/blogs\/primero\/wp-json\/wp\/v2\/comments?post=1873"}],"version-history":[{"count":2,"href":"https:\/\/cpcorella.educacion.navarra.es\/blogs\/primero\/wp-json\/wp\/v2\/posts\/1873\/revisions"}],"predecessor-version":[{"id":1953,"href":"https:\/\/cpcorella.educacion.navarra.es\/blogs\/primero\/wp-json\/wp\/v2\/posts\/1873\/revisions\/1953"}],"wp:attachment":[{"href":"https:\/\/cpcorella.educacion.navarra.es\/blogs\/primero\/wp-json\/wp\/v2\/media?parent=1873"}],"wp:term":[{"taxonomy":"category","embeddable":true,"href":"https:\/\/cpcorella.educacion.navarra.es\/blogs\/primero\/wp-json\/wp\/v2\/categories?post=1873"},{"taxonomy":"post_tag","embeddable":true,"href":"https:\/\/cpcorella.educacion.navarra.es\/blogs\/primero\/wp-json\/wp\/v2\/tags?post=1873"}],"curies":[{"name":"wp","href":"https:\/\/api.w.org\/{rel}","templated":true}]}}