{"id":1041,"date":"2020-04-24T09:05:00","date_gmt":"2020-04-24T07:05:00","guid":{"rendered":"https:\/\/cpcorella.educacion.navarra.es\/blogs\/primero\/?p=1041"},"modified":"2020-05-13T09:30:12","modified_gmt":"2020-05-13T07:30:12","slug":"sesion-3-plastica-24-abril","status":"publish","type":"post","link":"https:\/\/cpcorella.educacion.navarra.es\/blogs\/primero\/2020\/04\/24\/sesion-3-plastica-24-abril\/","title":{"rendered":"Sesi\u00f3n 3. Pl\u00e1stica                         24 abril."},"content":{"rendered":"\n<p>\u00a1Feliz Viernes a todos y todas! <\/p>\n\n\n\n<div class=\"wp-block-image is-style-default\"><figure class=\"alignright is-resized\"><img loading=\"lazy\" src=\"https:\/\/www.plazanueva.com\/media\/plazanueva\/images\/2020\/04\/21\/2020042110405659684.jpg\" alt=\"Fiestas del Villar 2020 en Corella\" width=\"270\" height=\"187\" \/><\/figure><\/div>\n\n\n\n<p><\/p>\n\n\n\n<p>\u00a1\u00a1Este fin de semana hubi\u00e9ramos tenido las esperadas fiestas de la Virgen del Villar&#8230;El pr\u00f3ximo a\u00f1o las cogeremos much\u00edsimas m\u00e1s ganas. <\/p>\n\n\n\n<p>En la sesi\u00f3n de pl\u00e1stica de hoy, queremos que realic\u00e9is unas pulseras muy chulas. Ten\u00e9is dos opciones:<\/p>\n\n\n\n<p>1. Imprimir el PDF con las plantillas.  <\/p>\n\n\n\n<div class=\"wp-block-file\"><a href=\"https:\/\/cpcorella.educacion.navarra.es\/blogs\/primero\/files\/2020\/04\/ilovepdf_merged-2.pdf\"><strong>PINCHA AQU\u00cd para descargarlas<\/strong>.<\/a><a href=\"https:\/\/cpcorella.educacion.navarra.es\/blogs\/primero\/files\/2020\/04\/ilovepdf_merged-2.pdf\" class=\"wp-block-file__button\" download>Descarga<\/a><\/div>\n\n\n\n<p>2. Pod\u00e9is dibujarlas en una cartulina o un folio o que os ayude vuestro hermano o hermana mayor o cualquiera de vuestros pap\u00e1s.<\/p>\n\n\n\n<p>\u00a1Mirad qu\u00e9 chulas son! \u00a1Feliz fin de semana!<\/p>\n\n\n\n<div class=\"wp-block-image is-style-rounded\"><figure class=\"aligncenter size-large is-resized\"><img loading=\"lazy\" src=\"https:\/\/cpcorella.educacion.navarra.es\/blogs\/primero\/files\/2020\/04\/image-158.png\" alt=\"\" class=\"wp-image-1042\" width=\"348\" height=\"269\" srcset=\"https:\/\/cpcorella.educacion.navarra.es\/blogs\/primero\/files\/2020\/04\/image-158.png 607w, https:\/\/cpcorella.educacion.navarra.es\/blogs\/primero\/files\/2020\/04\/image-158-300x232.png 300w\" sizes=\"(max-width: 348px) 100vw, 348px\" \/><\/figure><\/div>\n\n\n\n<p><\/p>\n","protected":false},"excerpt":{"rendered":"<p>\u00a1Feliz Viernes a todos y todas! \u00a1\u00a1Este fin de semana hubi\u00e9ramos tenido las esperadas fiestas de la Virgen del Villar&#8230;El pr\u00f3ximo a\u00f1o las cogeremos much\u00edsimas m\u00e1s ganas. En la sesi\u00f3n de pl\u00e1stica de hoy, queremos que realic\u00e9is unas pulseras muy chulas. Ten\u00e9is dos opciones: 1. Imprimir el PDF con las plantillas. 2. Pod\u00e9is dibujarlas en &hellip; <a href=\"https:\/\/cpcorella.educacion.navarra.es\/blogs\/primero\/2020\/04\/24\/sesion-3-plastica-24-abril\/\" class=\"more-link\">Seguir leyendo <span class=\"screen-reader-text\">Sesi\u00f3n 3. Pl\u00e1stica                         24 abril.<\/span> <span class=\"meta-nav\">&rarr;<\/span><\/a><\/p>\n","protected":false},"author":29,"featured_media":0,"comment_status":"open","ping_status":"open","sticky":true,"template":"","format":"standard","meta":[],"categories":[27,20,17],"tags":[],"_links":{"self":[{"href":"https:\/\/cpcorella.educacion.navarra.es\/blogs\/primero\/wp-json\/wp\/v2\/posts\/1041"}],"collection":[{"href":"https:\/\/cpcorella.educacion.navarra.es\/blogs\/primero\/wp-json\/wp\/v2\/posts"}],"about":[{"href":"https:\/\/cpcorella.educacion.navarra.es\/blogs\/primero\/wp-json\/wp\/v2\/types\/post"}],"author":[{"embeddable":true,"href":"https:\/\/cpcorella.educacion.navarra.es\/blogs\/primero\/wp-json\/wp\/v2\/users\/29"}],"replies":[{"embeddable":true,"href":"https:\/\/cpcorella.educacion.navarra.es\/blogs\/primero\/wp-json\/wp\/v2\/comments?post=1041"}],"version-history":[{"count":1,"href":"https:\/\/cpcorella.educacion.navarra.es\/blogs\/primero\/wp-json\/wp\/v2\/posts\/1041\/revisions"}],"predecessor-version":[{"id":1044,"href":"https:\/\/cpcorella.educacion.navarra.es\/blogs\/primero\/wp-json\/wp\/v2\/posts\/1041\/revisions\/1044"}],"wp:attachment":[{"href":"https:\/\/cpcorella.educacion.navarra.es\/blogs\/primero\/wp-json\/wp\/v2\/media?parent=1041"}],"wp:term":[{"taxonomy":"category","embeddable":true,"href":"https:\/\/cpcorella.educacion.navarra.es\/blogs\/primero\/wp-json\/wp\/v2\/categories?post=1041"},{"taxonomy":"post_tag","embeddable":true,"href":"https:\/\/cpcorella.educacion.navarra.es\/blogs\/primero\/wp-json\/wp\/v2\/tags?post=1041"}],"curies":[{"name":"wp","href":"https:\/\/api.w.org\/{rel}","templated":true}]}}