{"id":301,"date":"2009-11-23T14:48:21","date_gmt":"2009-11-23T14:48:21","guid":{"rendered":"http:\/\/minipitagorines1.wordpress.com\/2009\/11\/23\/301\/"},"modified":"2009-11-23T14:48:21","modified_gmt":"2009-11-23T14:48:21","slug":"301","status":"publish","type":"post","link":"https:\/\/cpcorella.educacion.navarra.es\/blogs\/infantil\/2009\/11\/23\/301\/","title":{"rendered":""},"content":{"rendered":"<h1><span style=\"color:#99cc00\">EL RINC\u00d3N DE LOS MINIPITAGORINES<\/span><\/h1>\n<h2><span style=\"color:#ff0000\">EL RINC\u00d3N DE LOS MINIPITAGORINES<\/span><\/h2>\n<h3><span style=\"color:#00ffff\">EL RINC\u00d3N DE LOS MINIPITAGORINES<\/span><\/h3>\n","protected":false},"excerpt":{"rendered":"<p>EL RINC\u00d3N DE LOS MINIPITAGORINES EL RINC\u00d3N DE LOS MINIPITAGORINES EL RINC\u00d3N DE LOS MINIPITAGORINES<\/p>\n","protected":false},"author":8,"featured_media":0,"comment_status":"open","ping_status":"open","sticky":false,"template":"","format":"standard","meta":[],"categories":[7],"tags":[],"_links":{"self":[{"href":"https:\/\/cpcorella.educacion.navarra.es\/blogs\/infantil\/wp-json\/wp\/v2\/posts\/301"}],"collection":[{"href":"https:\/\/cpcorella.educacion.navarra.es\/blogs\/infantil\/wp-json\/wp\/v2\/posts"}],"about":[{"href":"https:\/\/cpcorella.educacion.navarra.es\/blogs\/infantil\/wp-json\/wp\/v2\/types\/post"}],"author":[{"embeddable":true,"href":"https:\/\/cpcorella.educacion.navarra.es\/blogs\/infantil\/wp-json\/wp\/v2\/users\/8"}],"replies":[{"embeddable":true,"href":"https:\/\/cpcorella.educacion.navarra.es\/blogs\/infantil\/wp-json\/wp\/v2\/comments?post=301"}],"version-history":[{"count":0,"href":"https:\/\/cpcorella.educacion.navarra.es\/blogs\/infantil\/wp-json\/wp\/v2\/posts\/301\/revisions"}],"wp:attachment":[{"href":"https:\/\/cpcorella.educacion.navarra.es\/blogs\/infantil\/wp-json\/wp\/v2\/media?parent=301"}],"wp:term":[{"taxonomy":"category","embeddable":true,"href":"https:\/\/cpcorella.educacion.navarra.es\/blogs\/infantil\/wp-json\/wp\/v2\/categories?post=301"},{"taxonomy":"post_tag","embeddable":true,"href":"https:\/\/cpcorella.educacion.navarra.es\/blogs\/infantil\/wp-json\/wp\/v2\/tags?post=301"}],"curies":[{"name":"wp","href":"https:\/\/api.w.org\/{rel}","templated":true}]}}