{"id":290,"date":"2020-06-17T15:08:22","date_gmt":"2020-06-17T15:08:22","guid":{"rendered":"https:\/\/cpcorella.educacion.navarra.es\/blogs\/edfis\/?p=290"},"modified":"2020-06-17T15:08:22","modified_gmt":"2020-06-17T15:08:22","slug":"ya-llega-el-verano","status":"publish","type":"post","link":"https:\/\/cpcorella.educacion.navarra.es\/blogs\/edfis\/2020\/06\/17\/ya-llega-el-verano\/","title":{"rendered":"Ya llega el verano!"},"content":{"rendered":"\n<figure class=\"wp-block-image size-large\"><img loading=\"lazy\" width=\"1024\" height=\"768\" src=\"https:\/\/cpcorella.educacion.navarra.es\/blogs\/edfis\/files\/2020\/06\/jeff-dunham-fq673rUxrsQ-unsplash-1-1024x768.jpg\" alt=\"\" class=\"wp-image-292\" srcset=\"https:\/\/cpcorella.educacion.navarra.es\/blogs\/edfis\/files\/2020\/06\/jeff-dunham-fq673rUxrsQ-unsplash-1-1024x768.jpg 1024w, https:\/\/cpcorella.educacion.navarra.es\/blogs\/edfis\/files\/2020\/06\/jeff-dunham-fq673rUxrsQ-unsplash-1-300x225.jpg 300w, https:\/\/cpcorella.educacion.navarra.es\/blogs\/edfis\/files\/2020\/06\/jeff-dunham-fq673rUxrsQ-unsplash-1-768x576.jpg 768w, https:\/\/cpcorella.educacion.navarra.es\/blogs\/edfis\/files\/2020\/06\/jeff-dunham-fq673rUxrsQ-unsplash-1-1536x1152.jpg 1536w, https:\/\/cpcorella.educacion.navarra.es\/blogs\/edfis\/files\/2020\/06\/jeff-dunham-fq673rUxrsQ-unsplash-1-2048x1536.jpg 2048w\" sizes=\"(max-width: 767px) 89vw, (max-width: 1000px) 54vw, (max-width: 1071px) 543px, 580px\" \/><\/figure>\n\n\n\n<p>\u00a1 <a href=\"mailto:TOD@S\">TOD@S<\/a> AL AGUA !<\/p>\n\n\n\n<p>Ahora que ya estamos terminando el curso, con el buen tiempo nos va apeteciendo darnos un ba\u00f1o, pero tenemos la incertidumbre de qu\u00e9 pasar\u00e1 cuando abran las piscinas .<\/p>\n\n\n\n<p>Seguro que <a href=\"mailto:algun@s\">algun@s<\/a> ya os hab\u00e9is pegado un chapuz\u00f3n en alg\u00fan r\u00edo, embalse o piscina particular, pero deb\u00e9is saber que existen ciertas normas y que no en todas partes est\u00e1 permitido.<\/p>\n\n\n\n<p>Os adjuntamos unas sencillas normas y consejos y en qu\u00e9 zonas de Navarra pod\u00e9is hacerlo.<\/p>\n\n\n\n<p>\u00a1 Que disfrut\u00e9is !<\/p>\n\n\n\n<p>Un saludo de vuestros profes.<\/p>\n\n\n\n<figure class=\"wp-block-embed-wordpress wp-block-embed is-type-wp-embed is-provider-bit-fm-la-radio-de-pamplona\"><div class=\"wp-block-embed__wrapper\">\n<blockquote class=\"wp-embedded-content\" data-secret=\"D6oqVKeDLc\"><a href=\"https:\/\/www.bitfm.es\/2018\/05\/recomendaciones-disfrute-seguro-las-zonas-bano-naturales\/\">Recomendaciones para un disfrute seguro de las zonas de ba\u00f1o naturales<\/a><\/blockquote><iframe class=\"wp-embedded-content\" sandbox=\"allow-scripts\" security=\"restricted\" style=\"position: absolute; clip: rect(1px, 1px, 1px, 1px);\" title=\"&#171;Recomendaciones para un disfrute seguro de las zonas de ba\u00f1o naturales&#187; &#8212; Bit FM | La Radio de Pamplona\" src=\"https:\/\/www.bitfm.es\/2018\/05\/recomendaciones-disfrute-seguro-las-zonas-bano-naturales\/embed\/#?secret=D6oqVKeDLc\" data-secret=\"D6oqVKeDLc\" width=\"525\" height=\"296\" frameborder=\"0\" marginwidth=\"0\" marginheight=\"0\" scrolling=\"no\"><\/iframe>\n<\/div><\/figure>\n\n\n\n<p>Alguna otra p\u00e1gina con informaci\u00f3n: <\/p>\n\n\n\n<p><a href=\"https:\/\/www.turismoentresierras.com\/recomendaciones-banos-rios-piscinas-naturales\/\">https:\/\/www.turismoentresierras.com\/recomendaciones-banos-rios-piscinas-naturales\/<\/a><\/p>\n\n\n\n<p><a href=\"https:\/\/www.noticiasdenavarra.com\/actualidad\/sociedad\/2020\/05\/21\/cuatro-zonas-bano-naturales-podran\/1047990.html\">https:\/\/www.noticiasdenavarra.com\/actualidad\/sociedad\/2020\/05\/21\/cuatro-zonas-bano-naturales-podran\/1047990.html<\/a><\/p>\n\n\n","protected":false},"excerpt":{"rendered":"<p>\u00a1 TOD@S AL AGUA ! Ahora que ya estamos terminando el curso, con el buen tiempo nos va apeteciendo darnos un ba\u00f1o, pero tenemos la incertidumbre de qu\u00e9 pasar\u00e1 cuando abran las piscinas . Seguro que algun@s ya os hab\u00e9is pegado un chapuz\u00f3n en alg\u00fan r\u00edo, embalse o piscina particular, pero deb\u00e9is saber que existen &hellip; <\/p>\n<p class=\"link-more\"><a href=\"https:\/\/cpcorella.educacion.navarra.es\/blogs\/edfis\/2020\/06\/17\/ya-llega-el-verano\/\" class=\"more-link\">Continuar leyendo<span class=\"screen-reader-text\"> \u00abYa llega el verano!\u00bb<\/span><\/a><\/p>\n","protected":false},"author":24,"featured_media":0,"comment_status":"open","ping_status":"open","sticky":false,"template":"","format":"standard","meta":[],"categories":[1],"tags":[],"_links":{"self":[{"href":"https:\/\/cpcorella.educacion.navarra.es\/blogs\/edfis\/wp-json\/wp\/v2\/posts\/290"}],"collection":[{"href":"https:\/\/cpcorella.educacion.navarra.es\/blogs\/edfis\/wp-json\/wp\/v2\/posts"}],"about":[{"href":"https:\/\/cpcorella.educacion.navarra.es\/blogs\/edfis\/wp-json\/wp\/v2\/types\/post"}],"author":[{"embeddable":true,"href":"https:\/\/cpcorella.educacion.navarra.es\/blogs\/edfis\/wp-json\/wp\/v2\/users\/24"}],"replies":[{"embeddable":true,"href":"https:\/\/cpcorella.educacion.navarra.es\/blogs\/edfis\/wp-json\/wp\/v2\/comments?post=290"}],"version-history":[{"count":1,"href":"https:\/\/cpcorella.educacion.navarra.es\/blogs\/edfis\/wp-json\/wp\/v2\/posts\/290\/revisions"}],"predecessor-version":[{"id":293,"href":"https:\/\/cpcorella.educacion.navarra.es\/blogs\/edfis\/wp-json\/wp\/v2\/posts\/290\/revisions\/293"}],"wp:attachment":[{"href":"https:\/\/cpcorella.educacion.navarra.es\/blogs\/edfis\/wp-json\/wp\/v2\/media?parent=290"}],"wp:term":[{"taxonomy":"category","embeddable":true,"href":"https:\/\/cpcorella.educacion.navarra.es\/blogs\/edfis\/wp-json\/wp\/v2\/categories?post=290"},{"taxonomy":"post_tag","embeddable":true,"href":"https:\/\/cpcorella.educacion.navarra.es\/blogs\/edfis\/wp-json\/wp\/v2\/tags?post=290"}],"curies":[{"name":"wp","href":"https:\/\/api.w.org\/{rel}","templated":true}]}}