{"id":196,"date":"2020-04-08T09:33:09","date_gmt":"2020-04-08T09:33:09","guid":{"rendered":"https:\/\/cpcorella.educacion.navarra.es\/blogs\/edfis\/?p=196"},"modified":"2020-04-08T09:33:09","modified_gmt":"2020-04-08T09:33:09","slug":"vacaciones","status":"publish","type":"post","link":"https:\/\/cpcorella.educacion.navarra.es\/blogs\/edfis\/2020\/04\/08\/vacaciones\/","title":{"rendered":"\u00a1\u00a1Vacaciones!!"},"content":{"rendered":"\n<figure class=\"wp-block-image size-large\"><img loading=\"lazy\" width=\"1024\" height=\"683\" src=\"https:\/\/cpcorella.educacion.navarra.es\/blogs\/edfis\/files\/2020\/04\/drew-coffman-DzIt-fTYv4E-unsplash-1024x683.jpg\" alt=\"\" class=\"wp-image-197\" srcset=\"https:\/\/cpcorella.educacion.navarra.es\/blogs\/edfis\/files\/2020\/04\/drew-coffman-DzIt-fTYv4E-unsplash-1024x683.jpg 1024w, https:\/\/cpcorella.educacion.navarra.es\/blogs\/edfis\/files\/2020\/04\/drew-coffman-DzIt-fTYv4E-unsplash-300x200.jpg 300w, https:\/\/cpcorella.educacion.navarra.es\/blogs\/edfis\/files\/2020\/04\/drew-coffman-DzIt-fTYv4E-unsplash-768x512.jpg 768w, https:\/\/cpcorella.educacion.navarra.es\/blogs\/edfis\/files\/2020\/04\/drew-coffman-DzIt-fTYv4E-unsplash-1536x1024.jpg 1536w, https:\/\/cpcorella.educacion.navarra.es\/blogs\/edfis\/files\/2020\/04\/drew-coffman-DzIt-fTYv4E-unsplash-2048x1366.jpg 2048w\" sizes=\"(max-width: 767px) 89vw, (max-width: 1000px) 54vw, (max-width: 1071px) 543px, 580px\" \/><\/figure>\n\n\n\n<p>\u00a1\u00a1Ya han llegado las vacaciones!! <\/p>\n\n\n\n<p>Sabemos que esta vez son distintas pero, \u00bfa qu\u00e9 la hamaca de la imagen no tiene mala pinta? Sabemos que apetece salir pero como v\u00e9is en casa tambi\u00e9n podemos hacer cosas que nos gusten. <\/p>\n\n\n\n<p>Los profes de Educaci\u00f3n F\u00edsica queremos recordaros que utilic\u00e9is estos d\u00edas para descansar, para jugar con vuestras familias y para hacer cosas que os gusten hacer. <\/p>\n\n\n\n<p>Aqu\u00ed os hemos dejado propuestas para realizar actividad f\u00edsica y confiamos que pod\u00e1is repasarlas y no dejar de moveros. <\/p>\n\n\n\n<p>Un abrazo muy fuerte y felices vacaciones. <\/p>\n\n\n","protected":false},"excerpt":{"rendered":"<p>\u00a1\u00a1Ya han llegado las vacaciones!! Sabemos que esta vez son distintas pero, \u00bfa qu\u00e9 la hamaca de la imagen no tiene mala pinta? Sabemos que apetece salir pero como v\u00e9is en casa tambi\u00e9n podemos hacer cosas que nos gusten. Los profes de Educaci\u00f3n F\u00edsica queremos recordaros que utilic\u00e9is estos d\u00edas para descansar, para jugar con &hellip; <\/p>\n<p class=\"link-more\"><a href=\"https:\/\/cpcorella.educacion.navarra.es\/blogs\/edfis\/2020\/04\/08\/vacaciones\/\" class=\"more-link\">Continuar leyendo<span class=\"screen-reader-text\"> \u00ab\u00a1\u00a1Vacaciones!!\u00bb<\/span><\/a><\/p>\n","protected":false},"author":24,"featured_media":0,"comment_status":"open","ping_status":"open","sticky":false,"template":"","format":"standard","meta":[],"categories":[1],"tags":[],"_links":{"self":[{"href":"https:\/\/cpcorella.educacion.navarra.es\/blogs\/edfis\/wp-json\/wp\/v2\/posts\/196"}],"collection":[{"href":"https:\/\/cpcorella.educacion.navarra.es\/blogs\/edfis\/wp-json\/wp\/v2\/posts"}],"about":[{"href":"https:\/\/cpcorella.educacion.navarra.es\/blogs\/edfis\/wp-json\/wp\/v2\/types\/post"}],"author":[{"embeddable":true,"href":"https:\/\/cpcorella.educacion.navarra.es\/blogs\/edfis\/wp-json\/wp\/v2\/users\/24"}],"replies":[{"embeddable":true,"href":"https:\/\/cpcorella.educacion.navarra.es\/blogs\/edfis\/wp-json\/wp\/v2\/comments?post=196"}],"version-history":[{"count":1,"href":"https:\/\/cpcorella.educacion.navarra.es\/blogs\/edfis\/wp-json\/wp\/v2\/posts\/196\/revisions"}],"predecessor-version":[{"id":198,"href":"https:\/\/cpcorella.educacion.navarra.es\/blogs\/edfis\/wp-json\/wp\/v2\/posts\/196\/revisions\/198"}],"wp:attachment":[{"href":"https:\/\/cpcorella.educacion.navarra.es\/blogs\/edfis\/wp-json\/wp\/v2\/media?parent=196"}],"wp:term":[{"taxonomy":"category","embeddable":true,"href":"https:\/\/cpcorella.educacion.navarra.es\/blogs\/edfis\/wp-json\/wp\/v2\/categories?post=196"},{"taxonomy":"post_tag","embeddable":true,"href":"https:\/\/cpcorella.educacion.navarra.es\/blogs\/edfis\/wp-json\/wp\/v2\/tags?post=196"}],"curies":[{"name":"wp","href":"https:\/\/api.w.org\/{rel}","templated":true}]}}