{"id":159,"date":"2020-03-20T10:00:00","date_gmt":"2020-03-20T10:00:00","guid":{"rendered":"https:\/\/cpcorella.educacion.navarra.es\/blogs\/edfis\/?p=159"},"modified":"2020-03-18T17:12:17","modified_gmt":"2020-03-18T17:12:17","slug":"todos-a-bailar","status":"publish","type":"post","link":"https:\/\/cpcorella.educacion.navarra.es\/blogs\/edfis\/2020\/03\/20\/todos-a-bailar\/","title":{"rendered":"\u00a1Todos a bailar!"},"content":{"rendered":"\n<div class=\"wp-block-image is-style-default\"><figure class=\"aligncenter size-large is-resized\"><img loading=\"lazy\" src=\"https:\/\/cpcorella.educacion.navarra.es\/blogs\/edfis\/files\/2020\/03\/husna-miskandar-FC4z3l4sUYc-unsplash-1024x683.jpg\" alt=\"\" class=\"wp-image-160\" width=\"512\" height=\"342\" srcset=\"https:\/\/cpcorella.educacion.navarra.es\/blogs\/edfis\/files\/2020\/03\/husna-miskandar-FC4z3l4sUYc-unsplash-1024x683.jpg 1024w, https:\/\/cpcorella.educacion.navarra.es\/blogs\/edfis\/files\/2020\/03\/husna-miskandar-FC4z3l4sUYc-unsplash-300x200.jpg 300w, https:\/\/cpcorella.educacion.navarra.es\/blogs\/edfis\/files\/2020\/03\/husna-miskandar-FC4z3l4sUYc-unsplash-768x512.jpg 768w, https:\/\/cpcorella.educacion.navarra.es\/blogs\/edfis\/files\/2020\/03\/husna-miskandar-FC4z3l4sUYc-unsplash-1536x1024.jpg 1536w, https:\/\/cpcorella.educacion.navarra.es\/blogs\/edfis\/files\/2020\/03\/husna-miskandar-FC4z3l4sUYc-unsplash-2048x1365.jpg 2048w\" sizes=\"(max-width: 512px) 100vw, 512px\" \/><\/figure><\/div>\n\n\n\n<p>\u00a1Hola de nuevo!<\/p>\n<p>Como ya os explicamos queremos ofreceros actividades para realizar en estos d\u00edas. <strong>No son obligatorias, \u00a1por supuesto!<\/strong> Son s\u00f3lo algunas ideas para\u00a0 hacer m\u00e1s amena la espera de hacer educaci\u00f3n f\u00edsica con nosotros y vuestros compa\u00f1eros.<\/p>\n<p>Hoy toca bailar un poquito, os ponemos unos v\u00eddeos:<\/p>\n\n\n\n<p>Para primero y segundo:<\/p>\n\n\n\n<figure class=\"wp-block-embed-youtube wp-block-embed is-type-video is-provider-youtube wp-embed-aspect-16-9 wp-has-aspect-ratio\"><div class=\"wp-block-embed__wrapper\">\n<iframe loading=\"lazy\" title=\"B\u00e9same - David Bisbal Ft Juan Mag\u00e1n\" width=\"525\" height=\"295\" src=\"https:\/\/www.youtube.com\/embed\/J8i3vVlqTJU?feature=oembed\" frameborder=\"0\" allow=\"accelerometer; autoplay; encrypted-media; gyroscope; picture-in-picture\" allowfullscreen><\/iframe>\n<\/div><\/figure>\n\n\n\n<p>Para tercero y cuarto:<\/p>\n\n\n\n<figure class=\"wp-block-embed-youtube wp-block-embed is-type-video is-provider-youtube wp-embed-aspect-16-9 wp-has-aspect-ratio\"><div class=\"wp-block-embed__wrapper\">\n<iframe loading=\"lazy\" title=\"Uptown Funk   Easy Kids Dance Fitness Warming up Zumba Choreography\" width=\"525\" height=\"295\" src=\"https:\/\/www.youtube.com\/embed\/videoseries?list=PLneMMHNCM2saWYwZ8PHKUBYX2Ny8-qKkN\" frameborder=\"0\" allow=\"accelerometer; autoplay; encrypted-media; gyroscope; picture-in-picture\" allowfullscreen><\/iframe>\n<\/div><\/figure>\n\n\n\n<p>Para quinto y sexto:<\/p>\n\n\n\n<figure class=\"wp-block-embed-youtube wp-block-embed is-type-video is-provider-youtube wp-embed-aspect-16-9 wp-has-aspect-ratio\"><div class=\"wp-block-embed__wrapper\">\n<iframe loading=\"lazy\" title=\"TUSA - Karol G &amp; Nicki Minaj by Lessier Herrera Zumba\" width=\"525\" height=\"295\" src=\"https:\/\/www.youtube.com\/embed\/1E2FGNNUssc?feature=oembed\" frameborder=\"0\" allow=\"accelerometer; autoplay; encrypted-media; gyroscope; picture-in-picture\" allowfullscreen><\/iframe>\n<\/div><\/figure>\n\n\n\n<p>\u00a1\u00c1nimo a todos y todas!<\/p>\n\n\n\n<p>Un abrazo de los profes de Educaci\u00f3n F\u00edsica.<\/p>\n","protected":false},"excerpt":{"rendered":"<p>\u00a1Hola de nuevo! Como ya os explicamos queremos ofreceros actividades para realizar en estos d\u00edas. No son obligatorias, \u00a1por supuesto! Son s\u00f3lo algunas ideas para\u00a0 hacer m\u00e1s amena la espera de hacer educaci\u00f3n f\u00edsica con nosotros y vuestros compa\u00f1eros. Hoy toca bailar un poquito, os ponemos unos v\u00eddeos: Para primero y segundo: Para tercero y &hellip; <\/p>\n<p class=\"link-more\"><a href=\"https:\/\/cpcorella.educacion.navarra.es\/blogs\/edfis\/2020\/03\/20\/todos-a-bailar\/\" class=\"more-link\">Continuar leyendo<span class=\"screen-reader-text\"> \u00ab\u00a1Todos a bailar!\u00bb<\/span><\/a><\/p>\n","protected":false},"author":24,"featured_media":0,"comment_status":"open","ping_status":"open","sticky":false,"template":"","format":"standard","meta":[],"categories":[6,10,7,11,8,9],"tags":[16],"_links":{"self":[{"href":"https:\/\/cpcorella.educacion.navarra.es\/blogs\/edfis\/wp-json\/wp\/v2\/posts\/159"}],"collection":[{"href":"https:\/\/cpcorella.educacion.navarra.es\/blogs\/edfis\/wp-json\/wp\/v2\/posts"}],"about":[{"href":"https:\/\/cpcorella.educacion.navarra.es\/blogs\/edfis\/wp-json\/wp\/v2\/types\/post"}],"author":[{"embeddable":true,"href":"https:\/\/cpcorella.educacion.navarra.es\/blogs\/edfis\/wp-json\/wp\/v2\/users\/24"}],"replies":[{"embeddable":true,"href":"https:\/\/cpcorella.educacion.navarra.es\/blogs\/edfis\/wp-json\/wp\/v2\/comments?post=159"}],"version-history":[{"count":1,"href":"https:\/\/cpcorella.educacion.navarra.es\/blogs\/edfis\/wp-json\/wp\/v2\/posts\/159\/revisions"}],"predecessor-version":[{"id":161,"href":"https:\/\/cpcorella.educacion.navarra.es\/blogs\/edfis\/wp-json\/wp\/v2\/posts\/159\/revisions\/161"}],"wp:attachment":[{"href":"https:\/\/cpcorella.educacion.navarra.es\/blogs\/edfis\/wp-json\/wp\/v2\/media?parent=159"}],"wp:term":[{"taxonomy":"category","embeddable":true,"href":"https:\/\/cpcorella.educacion.navarra.es\/blogs\/edfis\/wp-json\/wp\/v2\/categories?post=159"},{"taxonomy":"post_tag","embeddable":true,"href":"https:\/\/cpcorella.educacion.navarra.es\/blogs\/edfis\/wp-json\/wp\/v2\/tags?post=159"}],"curies":[{"name":"wp","href":"https:\/\/api.w.org\/{rel}","templated":true}]}}