{"id":100,"date":"2020-03-24T10:28:57","date_gmt":"2020-03-24T10:28:57","guid":{"rendered":"https:\/\/cpcorella.educacion.navarra.es\/blogs\/cuarto\/?p=100"},"modified":"2020-03-24T10:35:10","modified_gmt":"2020-03-24T10:35:10","slug":"instrucciones-generales","status":"publish","type":"post","link":"https:\/\/cpcorella.educacion.navarra.es\/blogs\/cuarto\/2020\/03\/24\/instrucciones-generales\/","title":{"rendered":"INSTRUCCIONES GENERALES"},"content":{"rendered":"\n<p>Queridas familias,&nbsp;<\/p>\n\n\n\n<p>Como ya sab\u00e9is, se han alargado 15 d\u00edas m\u00e1s de confinamiento, por lo que hemos decidido mantener un contacto diario con vosotros mediante ese blog.&nbsp;<\/p>\n\n\n\n<p>Es necesario que sigan una rutina diaria, por lo que cada d\u00eda, preferiblemente por las ma\u00f1anas, deben dedicarle un tiempo a llevar a cabo las tareas que les vamos a mandar. Seguir con las mismas rutinas y el mismo horario de levantarse, desayunar y ponerse a trabajar como si estuvieran en el colegio, ayudar\u00e1 a vuestros hijos e hijas a centrarse m\u00e1s y aprovechar mejor el d\u00eda.&nbsp;<\/p>\n\n\n\n<p>Como pod\u00e9is ver, hay una pesta\u00f1a para cada una de las asignaturas. Cada d\u00eda, de lunes a viernes, se les subir\u00e1 la tarea que tienen que hacer dentro de cada asignatura con su explicaci\u00f3n adecuada (abajo ten\u00e9is de qu\u00e9 asignaturas van a tener tarea de lunes a viernes). Al d\u00eda siguiente, se les subir\u00e1 la correcci\u00f3n de la tarea que han hecho y deber\u00e1n corregirla.&nbsp;<\/p>\n\n\n\n<p>Esta manera de trabajar es nueva para todos y todas, por eso os pedimos colaboraci\u00f3n para que entre todos y todas sigamos adelante.<\/p>\n\n\n\n<p>Muchas gracias.<\/p>\n\n\n\n<p>El equipo docente de 4\u00ba de Primaria.<\/p>\n\n\n\n<figure class=\"wp-block-image size-large\"><img loading=\"lazy\" width=\"1024\" height=\"179\" src=\"https:\/\/cpcorella.educacion.navarra.es\/blogs\/cuarto\/files\/2020\/03\/cropped-COLE-2-1-1024x179.jpg\" alt=\"\" class=\"wp-image-115\" srcset=\"https:\/\/cpcorella.educacion.navarra.es\/blogs\/cuarto\/files\/2020\/03\/cropped-COLE-2-1-1024x179.jpg 1024w, https:\/\/cpcorella.educacion.navarra.es\/blogs\/cuarto\/files\/2020\/03\/cropped-COLE-2-1-300x53.jpg 300w, https:\/\/cpcorella.educacion.navarra.es\/blogs\/cuarto\/files\/2020\/03\/cropped-COLE-2-1-768x135.jpg 768w, https:\/\/cpcorella.educacion.navarra.es\/blogs\/cuarto\/files\/2020\/03\/cropped-COLE-2-1.jpg 1130w\" sizes=\"(max-width: 1024px) 100vw, 1024px\" \/><\/figure>\n\n\n\n<p class=\"has-medium-font-size\"><strong>HORARIO DE TAREAS<\/strong><\/p>\n\n\n\n<table style=\"border-collapse: collapse;width: 100%;height: 195px\">\n<tbody>\n<tr style=\"height: 39px\">\n<td style=\"width: 20%;text-align: center;height: 39px\"><strong>Lunes<\/strong><\/td>\n<td style=\"width: 20%;text-align: center;height: 39px\"><strong>Martes<\/strong><\/td>\n<td style=\"width: 20%;text-align: center;height: 39px\"><strong>Mi\u00e9rcoles<\/strong><\/td>\n<td style=\"width: 20%;text-align: center;height: 39px\"><strong>Jueves<\/strong><\/td>\n<td style=\"width: 20%;text-align: center;height: 39px\"><strong>Viernes<\/strong><\/td>\n<\/tr>\n<tr style=\"height: 39px\">\n<td style=\"width: 20%;text-align: center;height: 39px\">Matem\u00e1ticas<\/td>\n<td style=\"width: 20%;text-align: center;height: 39px\">Matem\u00e1ticas<\/td>\n<td style=\"width: 20%;text-align: center;height: 39px\">Matem\u00e1ticas<\/td>\n<td style=\"width: 20%;text-align: center;height: 39px\">Matem\u00e1ticas<\/td>\n<td style=\"width: 20%;text-align: center;height: 39px\">Matem\u00e1ticas<\/td>\n<\/tr>\n<tr style=\"height: 39px\">\n<td style=\"width: 20%;text-align: center;height: 39px\">Lengua<\/td>\n<td style=\"width: 20%;text-align: center;height: 39px\">Lengua<\/td>\n<td style=\"width: 20%;text-align: center;height: 39px\">Lengua<\/td>\n<td style=\"width: 20%;text-align: center;height: 39px\">Lengua<\/td>\n<td style=\"width: 20%;text-align: center;height: 39px\">Lengua<\/td>\n<\/tr>\n<tr style=\"height: 39px\">\n<td style=\"width: 20%;text-align: center;height: 39px\">English<\/td>\n<td style=\"width: 20%;text-align: center;height: 39px\">English<\/td>\n<td style=\"width: 20%;text-align: center;height: 39px\">English<\/td>\n<td style=\"width: 20%;text-align: center;height: 39px\">English<\/td>\n<td style=\"width: 20%;text-align: center;height: 39px\">Ed. Art\u00edstica<\/td>\n<\/tr>\n<tr style=\"height: 39px\">\n<td style=\"width: 20%;text-align: center;height: 39px\">Science<\/td>\n<td style=\"width: 20%;text-align: center;height: 39px\">Sociales<\/td>\n<td style=\"width: 20%;text-align: center;height: 39px\">Science<\/td>\n<td style=\"width: 20%;text-align: center;height: 39px\">Sociales<\/td>\n<td style=\"width: 20%;text-align: center;height: 39px\">\u00a0<\/td>\n<\/tr>\n<\/tbody>\n<\/table>\n\n\n\n\n\n<p><\/p>\n","protected":false},"excerpt":{"rendered":"<p>Queridas familias,&nbsp; Como ya sab\u00e9is, se han alargado 15 d\u00edas m\u00e1s de confinamiento, por lo que hemos decidido mantener un contacto diario con vosotros mediante ese blog.&nbsp; Es necesario que sigan una rutina diaria, por lo que cada d\u00eda, preferiblemente por las ma\u00f1anas, deben dedicarle un tiempo a llevar a cabo las tareas que les &hellip; <\/p>\n<p><a class=\"more-link btn\" href=\"https:\/\/cpcorella.educacion.navarra.es\/blogs\/cuarto\/2020\/03\/24\/instrucciones-generales\/\">Continue reading<\/a><\/p>\n","protected":false},"author":33,"featured_media":0,"comment_status":"open","ping_status":"open","sticky":false,"template":"","format":"standard","meta":[],"categories":[1],"tags":[],"_links":{"self":[{"href":"https:\/\/cpcorella.educacion.navarra.es\/blogs\/cuarto\/wp-json\/wp\/v2\/posts\/100"}],"collection":[{"href":"https:\/\/cpcorella.educacion.navarra.es\/blogs\/cuarto\/wp-json\/wp\/v2\/posts"}],"about":[{"href":"https:\/\/cpcorella.educacion.navarra.es\/blogs\/cuarto\/wp-json\/wp\/v2\/types\/post"}],"author":[{"embeddable":true,"href":"https:\/\/cpcorella.educacion.navarra.es\/blogs\/cuarto\/wp-json\/wp\/v2\/users\/33"}],"replies":[{"embeddable":true,"href":"https:\/\/cpcorella.educacion.navarra.es\/blogs\/cuarto\/wp-json\/wp\/v2\/comments?post=100"}],"version-history":[{"count":11,"href":"https:\/\/cpcorella.educacion.navarra.es\/blogs\/cuarto\/wp-json\/wp\/v2\/posts\/100\/revisions"}],"predecessor-version":[{"id":1015,"href":"https:\/\/cpcorella.educacion.navarra.es\/blogs\/cuarto\/wp-json\/wp\/v2\/posts\/100\/revisions\/1015"}],"wp:attachment":[{"href":"https:\/\/cpcorella.educacion.navarra.es\/blogs\/cuarto\/wp-json\/wp\/v2\/media?parent=100"}],"wp:term":[{"taxonomy":"category","embeddable":true,"href":"https:\/\/cpcorella.educacion.navarra.es\/blogs\/cuarto\/wp-json\/wp\/v2\/categories?post=100"},{"taxonomy":"post_tag","embeddable":true,"href":"https:\/\/cpcorella.educacion.navarra.es\/blogs\/cuarto\/wp-json\/wp\/v2\/tags?post=100"}],"curies":[{"name":"wp","href":"https:\/\/api.w.org\/{rel}","templated":true}]}}