{"id":364,"date":"2009-12-30T12:35:22","date_gmt":"2009-12-30T12:35:22","guid":{"rendered":"http:\/\/pitagorines.wordpress.com\/?p=364"},"modified":"2009-12-30T12:35:22","modified_gmt":"2009-12-30T12:35:22","slug":"temas-de-matematicas-y-de-lengua-de-6%c2%ba","status":"publish","type":"post","link":"https:\/\/cpcorella.educacion.navarra.es\/blogs\/3ciclo\/2009\/12\/30\/temas-de-matematicas-y-de-lengua-de-6%c2%ba\/","title":{"rendered":"Temas de Matem\u00e1ticas y de Lengua de 6\u00ba"},"content":{"rendered":"<p>Bueno, aqu\u00ed ten\u00e9is todos los temas con actividades interactivas de Mate y de Lengua. Pod\u00e9is repasar los temas dados y der un vistazo a los nuevos. Un saludo y Feliz A\u00f1o. Suso<\/p>\n","protected":false},"excerpt":{"rendered":"<p>Bueno, aqu\u00ed ten\u00e9is todos los temas con actividades interactivas de Mate y de Lengua. Pod\u00e9is repasar los temas dados y der un vistazo a los nuevos. Un saludo y Feliz A\u00f1o. Suso<\/p>\n","protected":false},"author":6,"featured_media":0,"comment_status":"open","ping_status":"open","sticky":false,"template":"","format":"standard","meta":[],"categories":[4],"tags":[],"_links":{"self":[{"href":"https:\/\/cpcorella.educacion.navarra.es\/blogs\/3ciclo\/wp-json\/wp\/v2\/posts\/364"}],"collection":[{"href":"https:\/\/cpcorella.educacion.navarra.es\/blogs\/3ciclo\/wp-json\/wp\/v2\/posts"}],"about":[{"href":"https:\/\/cpcorella.educacion.navarra.es\/blogs\/3ciclo\/wp-json\/wp\/v2\/types\/post"}],"author":[{"embeddable":true,"href":"https:\/\/cpcorella.educacion.navarra.es\/blogs\/3ciclo\/wp-json\/wp\/v2\/users\/6"}],"replies":[{"embeddable":true,"href":"https:\/\/cpcorella.educacion.navarra.es\/blogs\/3ciclo\/wp-json\/wp\/v2\/comments?post=364"}],"version-history":[{"count":0,"href":"https:\/\/cpcorella.educacion.navarra.es\/blogs\/3ciclo\/wp-json\/wp\/v2\/posts\/364\/revisions"}],"wp:attachment":[{"href":"https:\/\/cpcorella.educacion.navarra.es\/blogs\/3ciclo\/wp-json\/wp\/v2\/media?parent=364"}],"wp:term":[{"taxonomy":"category","embeddable":true,"href":"https:\/\/cpcorella.educacion.navarra.es\/blogs\/3ciclo\/wp-json\/wp\/v2\/categories?post=364"},{"taxonomy":"post_tag","embeddable":true,"href":"https:\/\/cpcorella.educacion.navarra.es\/blogs\/3ciclo\/wp-json\/wp\/v2\/tags?post=364"}],"curies":[{"name":"wp","href":"https:\/\/api.w.org\/{rel}","templated":true}]}}