{"id":1398,"date":"2016-03-09T18:10:32","date_gmt":"2016-03-09T18:10:32","guid":{"rendered":"http:\/\/cpcorella.educacion.navarra.es\/blogs\/2ciclo\/?p=1398"},"modified":"2016-03-09T18:10:32","modified_gmt":"2016-03-09T18:10:32","slug":"geometria-los-poligonos","status":"publish","type":"post","link":"https:\/\/cpcorella.educacion.navarra.es\/blogs\/2ciclo\/2016\/03\/09\/geometria-los-poligonos\/","title":{"rendered":"Geometr\u00eda: Los pol\u00edgonos"},"content":{"rendered":"<p><strong>Seguimos con el taller de Geometr\u00eda. <\/strong><\/p>\n<p><strong><a href=\"http:\/\/cpcorella.educacion.navarra.es\/blogs\/2ciclo\/files\/2016\/03\/20160309_190107.jpg\"><img loading=\"lazy\" class=\"size-medium wp-image-1399 alignright\" src=\"http:\/\/cpcorella.educacion.navarra.es\/blogs\/2ciclo\/files\/2016\/03\/20160309_190107-300x228.jpg\" alt=\"20160309_190107\" width=\"300\" height=\"228\" srcset=\"https:\/\/cpcorella.educacion.navarra.es\/blogs\/2ciclo\/files\/2016\/03\/20160309_190107-300x228.jpg 300w, https:\/\/cpcorella.educacion.navarra.es\/blogs\/2ciclo\/files\/2016\/03\/20160309_190107-395x300.jpg 395w, https:\/\/cpcorella.educacion.navarra.es\/blogs\/2ciclo\/files\/2016\/03\/20160309_190107.jpg 700w\" sizes=\"(max-width: 300px) 100vw, 300px\" \/><\/a>Os dejo un nuevo enlace. En \u00e9l trabajaremos los pol\u00edgonos. <\/strong><\/p>\n<p><strong>No olvid\u00e9is practicar y repasar el enterior.\u00a0 \ud83d\ude06\u00a0 \u00a0 \u00a0 \u00a0 \u00a0 \u00a0 \u00a0 \u00a0 <\/strong><\/p>\n<p>&nbsp;<\/p>\n<p>&nbsp;<\/p>\n<p><strong>\u00a0\u27a1 \u00a0<a href=\"http:\/\/www.cuadernosdigitalesvindel.com\/pizarra\/poligonos.php\">Los Pol\u00edgonos<\/a><\/strong><\/p>\n<p>&nbsp;<\/p>\n<p>&nbsp;<\/p>\n<p>&nbsp;<\/p>\n","protected":false},"excerpt":{"rendered":"<p>Seguimos con el taller de Geometr\u00eda. Os dejo un nuevo enlace. En \u00e9l trabajaremos los pol\u00edgonos. No olvid\u00e9is practicar y repasar el enterior.\u00a0 \ud83d\ude06\u00a0 \u00a0 \u00a0 \u00a0 \u00a0 \u00a0 \u00a0 \u00a0 &nbsp; &nbsp; \u00a0\u27a1 \u00a0Los Pol\u00edgonos &nbsp; &nbsp; &nbsp;<\/p>\n","protected":false},"author":7,"featured_media":0,"comment_status":"closed","ping_status":"open","sticky":false,"template":"","format":"standard","meta":[],"categories":[5],"tags":[],"_links":{"self":[{"href":"https:\/\/cpcorella.educacion.navarra.es\/blogs\/2ciclo\/wp-json\/wp\/v2\/posts\/1398"}],"collection":[{"href":"https:\/\/cpcorella.educacion.navarra.es\/blogs\/2ciclo\/wp-json\/wp\/v2\/posts"}],"about":[{"href":"https:\/\/cpcorella.educacion.navarra.es\/blogs\/2ciclo\/wp-json\/wp\/v2\/types\/post"}],"author":[{"embeddable":true,"href":"https:\/\/cpcorella.educacion.navarra.es\/blogs\/2ciclo\/wp-json\/wp\/v2\/users\/7"}],"replies":[{"embeddable":true,"href":"https:\/\/cpcorella.educacion.navarra.es\/blogs\/2ciclo\/wp-json\/wp\/v2\/comments?post=1398"}],"version-history":[{"count":3,"href":"https:\/\/cpcorella.educacion.navarra.es\/blogs\/2ciclo\/wp-json\/wp\/v2\/posts\/1398\/revisions"}],"predecessor-version":[{"id":1402,"href":"https:\/\/cpcorella.educacion.navarra.es\/blogs\/2ciclo\/wp-json\/wp\/v2\/posts\/1398\/revisions\/1402"}],"wp:attachment":[{"href":"https:\/\/cpcorella.educacion.navarra.es\/blogs\/2ciclo\/wp-json\/wp\/v2\/media?parent=1398"}],"wp:term":[{"taxonomy":"category","embeddable":true,"href":"https:\/\/cpcorella.educacion.navarra.es\/blogs\/2ciclo\/wp-json\/wp\/v2\/categories?post=1398"},{"taxonomy":"post_tag","embeddable":true,"href":"https:\/\/cpcorella.educacion.navarra.es\/blogs\/2ciclo\/wp-json\/wp\/v2\/tags?post=1398"}],"curies":[{"name":"wp","href":"https:\/\/api.w.org\/{rel}","templated":true}]}}