{"id":61,"date":"2009-12-07T11:36:37","date_gmt":"2009-12-07T11:36:37","guid":{"rendered":"http:\/\/pitagorines1.wordpress.com\/?p=61"},"modified":"2009-12-07T11:36:37","modified_gmt":"2009-12-07T11:36:37","slug":"generador-de-sumas-y-restas","status":"publish","type":"post","link":"https:\/\/cpcorella.educacion.navarra.es\/blogs\/1ciclo\/2009\/12\/07\/generador-de-sumas-y-restas\/","title":{"rendered":"GENERADOR DE SUMAS Y RESTAS"},"content":{"rendered":"<h2><a title=\"Enlace permanente a GENERADOR DE SUMAS Y RESTAS\" rel=\"bookmark\" href=\"http:\/\/profeblog.es\/blog\/guillermo\/2009\/05\/10\/generador-de-sumas-y-restas\/\"><br \/>\n<\/a><\/h2>\n<div>\n<p>P\u00e1gina para generar sumas y restas. Podemos configurar el n\u00famero de cifras, de t\u00e9rminos y de operaciones a imprimir.<\/p>\n<p>mclibre.org<a href=\"http:\/\/www.mclibre.org\/consultar\/primaria\/sumas_y_restas\/sumas_y_restas_1.html\" target=\"_blank\"><img loading=\"lazy\" src=\"http:\/\/profeblog.es\/blog\/guillermoinfantil\/files\/generador-de-sumas-y-rectas.jpg\" alt=\"\" width=\"300\" height=\"133\" \/><\/a><\/p>\n<\/div>\n","protected":false},"excerpt":{"rendered":"<p>P\u00e1gina para generar sumas y restas. Podemos configurar el n\u00famero de cifras, de t\u00e9rminos y de operaciones a imprimir. mclibre.org<\/p>\n","protected":false},"author":6,"featured_media":0,"comment_status":"open","ping_status":"open","sticky":false,"template":"","format":"standard","meta":[],"categories":[2],"tags":[],"_links":{"self":[{"href":"https:\/\/cpcorella.educacion.navarra.es\/blogs\/1ciclo\/wp-json\/wp\/v2\/posts\/61"}],"collection":[{"href":"https:\/\/cpcorella.educacion.navarra.es\/blogs\/1ciclo\/wp-json\/wp\/v2\/posts"}],"about":[{"href":"https:\/\/cpcorella.educacion.navarra.es\/blogs\/1ciclo\/wp-json\/wp\/v2\/types\/post"}],"author":[{"embeddable":true,"href":"https:\/\/cpcorella.educacion.navarra.es\/blogs\/1ciclo\/wp-json\/wp\/v2\/users\/6"}],"replies":[{"embeddable":true,"href":"https:\/\/cpcorella.educacion.navarra.es\/blogs\/1ciclo\/wp-json\/wp\/v2\/comments?post=61"}],"version-history":[{"count":0,"href":"https:\/\/cpcorella.educacion.navarra.es\/blogs\/1ciclo\/wp-json\/wp\/v2\/posts\/61\/revisions"}],"wp:attachment":[{"href":"https:\/\/cpcorella.educacion.navarra.es\/blogs\/1ciclo\/wp-json\/wp\/v2\/media?parent=61"}],"wp:term":[{"taxonomy":"category","embeddable":true,"href":"https:\/\/cpcorella.educacion.navarra.es\/blogs\/1ciclo\/wp-json\/wp\/v2\/categories?post=61"},{"taxonomy":"post_tag","embeddable":true,"href":"https:\/\/cpcorella.educacion.navarra.es\/blogs\/1ciclo\/wp-json\/wp\/v2\/tags?post=61"}],"curies":[{"name":"wp","href":"https:\/\/api.w.org\/{rel}","templated":true}]}}