{"id":2877,"date":"2020-04-20T10:35:55","date_gmt":"2020-04-20T10:35:55","guid":{"rendered":"https:\/\/cpcorella.educacion.navarra.es\/blogs\/1ciclo\/?p=2877"},"modified":"2020-04-21T10:15:28","modified_gmt":"2020-04-21T10:15:28","slug":"virgen-del-villar-patrona-de-corella","status":"publish","type":"post","link":"https:\/\/cpcorella.educacion.navarra.es\/blogs\/1ciclo\/2020\/04\/20\/virgen-del-villar-patrona-de-corella\/","title":{"rendered":"VIRGEN DEL VILLAR : PATRONA DE CORELLA"},"content":{"rendered":"\n\n\n<p><span style=\"font-weight: 400\">Buenos d\u00edas a todos y todas. Lo primero \u00bfQu\u00e9 tal est\u00e1is? Ya sab\u00e9is que en casa podemos hacer muchas cosas, solo hay que pensar, crear e imaginar. S\u00e9 que es duro y que necesitamos salir a pasear, correr, saltar\u2026.llegar\u00e1 pronto pero con normas que hay que cumplir. Yo os animo desde aqu\u00ed a seguir como grandes h\u00e9roes.<\/span><\/p>\n<p><span style=\"font-weight: 400\">Se han acabado las vacaciones de Semana Santa ( suena raro) y ya estamos en el cole a trav\u00e9s del ordenador sin vernos pero sabemos que estamos t\u00fa all\u00ed y yo aqu\u00ed ( parece un trabalenguas)<\/span><\/p>\n<p><span style=\"font-weight: 400\">Te voy a poner unas tareas muy sencillas y divertidas para esta semana<\/span><\/p>\n<p><b>SEMANA DEL 20-24 DE ABRIL<\/b><\/p>\n<p><span style=\"font-weight: 400\">Tengo que decirte que hay dos acontecimientos que van a ocurrir estos d\u00edas<\/span><\/p>\n<ol>\n<li style=\"font-weight: 400\"><span style=\"font-weight: 400\">EL D\u00cdA DEL LIBRO EL 23 JUEVES<\/span><\/li>\n<li style=\"font-weight: 400\"><span style=\"font-weight: 400\">LAS FIESTAS DEL VILLAR<\/span><\/li>\n<\/ol>\n<p><span style=\"font-weight: 400\">Aunque estemos en casa podemos celebrarlo, no os quepa ning\u00fan tipo de duda.<\/span><\/p>\n<p><span style=\"font-weight: 400\">He pensado que los vamos a unir, leeremos o escucharemos el cuento sobre la Virgen del Villar, vuestra patrona y luego haremos lo escribiremos con nuestras palabras en una hoja y luego haremos una reli plasti para ponerla en los balcones de tu casa.<\/span><\/p>\n<p><b>PRIMERA ACTIVIDAD<\/b><\/p>\n<p><span style=\"font-weight: 400\">He creado un <\/span><b>cuento sobre la Virgen del Villar, <\/b><span style=\"font-weight: 400\">no he podido decir todo lo que quer\u00eda pero s\u00ed lo importante, espero que te guste. Tienes que estar muy atento para aprender la historia y para que luego <\/span><b>con tus palabras escribas el cuento<\/b><span style=\"font-weight: 400\">, escribir es fundamental para ser un cuentista de cuentos.<\/span><\/p>\n<p><iframe loading=\"lazy\" title=\"LEYENDA VIRGEN DEL VILLAR CORELLA- INMA BLANCO\" width=\"604\" height=\"453\" src=\"https:\/\/www.youtube.com\/embed\/GF8eORGHQ7w?feature=oembed\" frameborder=\"0\" allow=\"accelerometer; autoplay; encrypted-media; gyroscope; picture-in-picture\" allowfullscreen><\/iframe><\/p>\n<p>\u00a0<\/p>\n<p><b>SEGUNDA ACTIVIDAD.\u00a0<\/b><\/p>\n<p><span style=\"font-weight: 400\">Voy a poner una imagen de la Virgen que ha dibujado un ex alumno m\u00edo, Andr\u00e9s Sanz, quiz\u00e1 ya la tengas para que la pintes y la decores. Si no puedes imprimirla puedes calcar desde la pantalla con mucho cuidado que te ayuden tus padres sin pinchar la pantalla la puedes estropear o si no la dibujas a tu manera ( seguro que te queda bien, lo importante es crear)<\/span><\/p>\n<p><span style=\"font-weight: 400\">Una vez coloreada la colocas en tu balc\u00f3n y as\u00ed tendr\u00e1s las flores de la actividad anterior, la palma y la vela, como ves todo estaba relacionado para este gran d\u00eda, tienes el balc\u00f3n con la alegre primavera.<\/span><\/p>\n<p><span style=\"font-weight: 400\">Por ahora creo que ya est\u00e1 bien, lo primero ver el cuento y escribir con tus palabras y el\u00a0 martes o mi\u00e9rcoles te pondr\u00e9 la virgencita para decorar y colorear.<\/span><\/p>\n<p><span style=\"font-weight: 400\">Te echo de menos \u00bflo sabes? Te lo digo, te echo de menos.<\/span><\/p>\n<p><span style=\"font-weight: 400\">Un abrazo muy fuerte en la distancia para t\u00ed y toda la familia.<\/span><\/p>\n<p><span style=\"font-weight: 400\">Tu profe de reli:<\/span><\/p>\n<p><span style=\"font-weight: 400\">Inma<\/span><\/p>\n<p><iframe loading=\"lazy\" title=\"Himno a la Virgen del Villar, Patrona de Corella  Navarra  ORFEO\u0301N VIRGEN DEL VILLAR\" width=\"604\" height=\"340\" src=\"https:\/\/www.youtube.com\/embed\/9IeSjLFFIg4?feature=oembed\" frameborder=\"0\" allow=\"accelerometer; autoplay; encrypted-media; gyroscope; picture-in-picture\" allowfullscreen><\/iframe><\/p>\n\n\n\n<figure class=\"wp-block-audio\"><audio controls src=\"https:\/\/drive.google.com\/open?id=1qLhq7Pg_yDRWqjEbJWU_auoBhnlAeNWl\"><\/audio><figcaption>HIMNO A LA VIRGEN DEL VILLAR <\/figcaption><\/figure>\n\n\n\n<div class=\"wp-block-file\"><a href=\"https:\/\/cpcorella.educacion.navarra.es\/blogs\/1ciclo\/files\/2020\/04\/VIRGEN-DEL-VILLAR.pdf\">VIRGEN-DEL-VILLAR<\/a><a href=\"https:\/\/cpcorella.educacion.navarra.es\/blogs\/1ciclo\/files\/2020\/04\/VIRGEN-DEL-VILLAR.pdf\" class=\"wp-block-file__button\" download>Descarga<\/a><\/div>\n","protected":false},"excerpt":{"rendered":"<p>Buenos d\u00edas a todos y todas. Lo primero \u00bfQu\u00e9 tal est\u00e1is? Ya sab\u00e9is que en casa podemos hacer muchas cosas, solo hay que pensar, crear e imaginar. S\u00e9 que es duro y que necesitamos salir a pasear, correr, saltar\u2026.llegar\u00e1 pronto pero con normas que hay que cumplir. Yo os animo desde aqu\u00ed a seguir como &hellip; <a href=\"https:\/\/cpcorella.educacion.navarra.es\/blogs\/1ciclo\/2020\/04\/20\/virgen-del-villar-patrona-de-corella\/\" class=\"more-link\">Seguir leyendo <span class=\"screen-reader-text\">VIRGEN DEL VILLAR : PATRONA DE CORELLA<\/span> <span class=\"meta-nav\">&rarr;<\/span><\/a><\/p>\n","protected":false},"author":17,"featured_media":0,"comment_status":"open","ping_status":"open","sticky":false,"template":"","format":"standard","meta":[],"categories":[50],"tags":[],"_links":{"self":[{"href":"https:\/\/cpcorella.educacion.navarra.es\/blogs\/1ciclo\/wp-json\/wp\/v2\/posts\/2877"}],"collection":[{"href":"https:\/\/cpcorella.educacion.navarra.es\/blogs\/1ciclo\/wp-json\/wp\/v2\/posts"}],"about":[{"href":"https:\/\/cpcorella.educacion.navarra.es\/blogs\/1ciclo\/wp-json\/wp\/v2\/types\/post"}],"author":[{"embeddable":true,"href":"https:\/\/cpcorella.educacion.navarra.es\/blogs\/1ciclo\/wp-json\/wp\/v2\/users\/17"}],"replies":[{"embeddable":true,"href":"https:\/\/cpcorella.educacion.navarra.es\/blogs\/1ciclo\/wp-json\/wp\/v2\/comments?post=2877"}],"version-history":[{"count":4,"href":"https:\/\/cpcorella.educacion.navarra.es\/blogs\/1ciclo\/wp-json\/wp\/v2\/posts\/2877\/revisions"}],"predecessor-version":[{"id":2903,"href":"https:\/\/cpcorella.educacion.navarra.es\/blogs\/1ciclo\/wp-json\/wp\/v2\/posts\/2877\/revisions\/2903"}],"wp:attachment":[{"href":"https:\/\/cpcorella.educacion.navarra.es\/blogs\/1ciclo\/wp-json\/wp\/v2\/media?parent=2877"}],"wp:term":[{"taxonomy":"category","embeddable":true,"href":"https:\/\/cpcorella.educacion.navarra.es\/blogs\/1ciclo\/wp-json\/wp\/v2\/categories?post=2877"},{"taxonomy":"post_tag","embeddable":true,"href":"https:\/\/cpcorella.educacion.navarra.es\/blogs\/1ciclo\/wp-json\/wp\/v2\/tags?post=2877"}],"curies":[{"name":"wp","href":"https:\/\/api.w.org\/{rel}","templated":true}]}}