{"id":2788,"date":"2020-04-03T07:04:13","date_gmt":"2020-04-03T07:04:13","guid":{"rendered":"https:\/\/cpcorella.educacion.navarra.es\/blogs\/1ciclo\/?p=2788"},"modified":"2020-05-17T23:11:33","modified_gmt":"2020-05-17T23:11:33","slug":"viernesmatic","status":"publish","type":"post","link":"https:\/\/cpcorella.educacion.navarra.es\/blogs\/1ciclo\/2020\/04\/03\/viernesmatic\/","title":{"rendered":"PRUEBA DE LA RESTA."},"content":{"rendered":"\n\n\n<ul>\n<li>Hoy lo primero que vamos hacer en matem\u00e1ticas es repasar <strong>la prueba de la resta<\/strong> que aprendimos el otro d\u00eda. As\u00ed que en el cuaderno ten\u00e9is que realizar estas tres resta y hacer la prueba de la resta para comprobar que est\u00e1n bien.<\/li>\n<\/ul>\n<p>Las restas son : (colocarlas en el cuaderno en vertical, recuerda que el n\u00famero mayor va arriba )<\/p>\n<p>642 &#8211; 283=\u00a0\u00a0\u00a0\u00a0\u00a0\u00a0\u00a0\u00a0\u00a0\u00a0\u00a0\u00a0\u00a0\u00a0\u00a0\u00a0\u00a0\u00a0 875 &#8211; 493=\u00a0 \u00a0 \u00a0 \u00a0 \u00a0 \u00a0 \u00a0 \u00a0 \u00a0 \u00a0 \u00a0 \u00a0 \u00a0 525 &#8211; 418=<\/p>\n<ul>\n<li>Accedemos\u00a0 a<strong>\u00a0la p\u00e1gina 149 del<span style=\"color: #ff0000;background-color: #ffcc99\"> <a style=\"color: #ff0000;background-color: #ffcc99\" href=\"http:\/\/edubook.vicensvives.com\/es\/inicio?rf=http%3A%2F%2Fedubook.vicensvives.com%2Fu%2F\">libro digital de matem\u00e1ticas .<\/a><\/span><\/strong><span style=\"color: #ff0000;background-color: #ffcc99\">\u00a0<\/span><\/li>\n<li>Ya sab\u00e9is en un cuaderno u hoja realizamos\u00a0 el<strong> ejercicio 3<\/strong> donde nos plantea colocar los n\u00fameros en la recta num\u00e9rica. Despu\u00e9s esos n\u00fameros lo acercamos , aproximamos o\u00a0 redondeamos a la centena m\u00e1s pr\u00f3xima ( n\u00famero terminado en dos ceros ) .\u00a0<\/li>\n<\/ul>\n<p>Por ejemplo: El n\u00famero 775 \u00bf Est\u00e1 m\u00e1s cerca del 700 u 800?\u00a0<\/p>\n<ul>\n<li>En el<strong> ejercicio 4<\/strong> tienes que colocar las sumas y realizarlas.<\/li>\n<\/ul>\n<p>\u00a0<\/p>\n<ul>\n<li>Repasar las tablas, sobre todo las del 6 y el 7. Repasar con las canciones de Miliki.<\/li>\n<\/ul>\n<p><iframe loading=\"lazy\" title=\"MILIKI - Rocktiplica el seis\" width=\"604\" height=\"453\" src=\"https:\/\/www.youtube.com\/embed\/gFfekeqMrU4?feature=oembed\" frameborder=\"0\" allow=\"accelerometer; autoplay; encrypted-media; gyroscope; picture-in-picture\" allowfullscreen><\/iframe><\/p>\n<p><iframe loading=\"lazy\" title=\"MILIKI - Siete\" width=\"604\" height=\"453\" src=\"https:\/\/www.youtube.com\/embed\/GoxmKQ0xo-I?feature=oembed\" frameborder=\"0\" allow=\"accelerometer; autoplay; encrypted-media; gyroscope; picture-in-picture\" allowfullscreen><\/iframe><\/p>\n<p>\u00a0<\/p>\n<ul>\n<li>Hacer estas multiplicaciones en el cuaderno o papel<\/li>\n<\/ul>\n<p>5 X 2 =\u00a0 \u00a0 \u00a0 \u00a07 X 8 =\u00a0 \u00a0 \u00a0 \u00a0 6 X 6 =\u00a0 \u00a0 \u00a0 \u00a0 \u00a02 x 3 =\u00a0 \u00a0 \u00a0 \u00a0 \u00a0 3 X 7 =\u00a0 \u00a0 \u00a0 \u00a0 \u00a0 \u00a0 \u00a04 X 9 =\u00a0 \u00a0 \u00a0 \u00a0 \u00a0 \u00a0 1 X 9 =<\/p>\n<p>2 X 9 =\u00a0 \u00a0 \u00a0 \u00a03 X 8 =\u00a0 \u00a0 \u00a0 \u00a0 4 X 5 =\u00a0 \u00a0 \u00a0 \u00a0 \u00a0 7 X 7 =\u00a0 \u00a0 \u00a0 \u00a0 \u00a0 5 X 8 =\u00a0 \u00a0 \u00a0 \u00a0 \u00a0 \u00a0 6 X 9 =\u00a0 \u00a0 \u00a0 \u00a0 \u00a0 \u00a0 \u00a06 X 2 =<\/p>\n<p>\u00a1Esto es todo por hoy! \u00a1Pasar muy buen fin de semana en casa y con mucho optimismo! \u00a1Os echamos de menos! Vosotros tambi\u00e9n sois unos s\u00faper h\u00e9roes<\/p>\n<p>\u00a0<\/p>\n","protected":false},"excerpt":{"rendered":"<p>Hoy lo primero que vamos hacer en matem\u00e1ticas es repasar la prueba de la resta que aprendimos el otro d\u00eda. As\u00ed que en el cuaderno ten\u00e9is que realizar estas tres resta y hacer la prueba de la resta para comprobar que est\u00e1n bien. Las restas son : (colocarlas en el cuaderno en vertical, recuerda que &hellip; <a href=\"https:\/\/cpcorella.educacion.navarra.es\/blogs\/1ciclo\/2020\/04\/03\/viernesmatic\/\" class=\"more-link\">Seguir leyendo <span class=\"screen-reader-text\">PRUEBA DE LA RESTA.<\/span> <span class=\"meta-nav\">&rarr;<\/span><\/a><\/p>\n","protected":false},"author":17,"featured_media":0,"comment_status":"open","ping_status":"open","sticky":false,"template":"","format":"standard","meta":[],"categories":[50],"tags":[],"_links":{"self":[{"href":"https:\/\/cpcorella.educacion.navarra.es\/blogs\/1ciclo\/wp-json\/wp\/v2\/posts\/2788"}],"collection":[{"href":"https:\/\/cpcorella.educacion.navarra.es\/blogs\/1ciclo\/wp-json\/wp\/v2\/posts"}],"about":[{"href":"https:\/\/cpcorella.educacion.navarra.es\/blogs\/1ciclo\/wp-json\/wp\/v2\/types\/post"}],"author":[{"embeddable":true,"href":"https:\/\/cpcorella.educacion.navarra.es\/blogs\/1ciclo\/wp-json\/wp\/v2\/users\/17"}],"replies":[{"embeddable":true,"href":"https:\/\/cpcorella.educacion.navarra.es\/blogs\/1ciclo\/wp-json\/wp\/v2\/comments?post=2788"}],"version-history":[{"count":2,"href":"https:\/\/cpcorella.educacion.navarra.es\/blogs\/1ciclo\/wp-json\/wp\/v2\/posts\/2788\/revisions"}],"predecessor-version":[{"id":3006,"href":"https:\/\/cpcorella.educacion.navarra.es\/blogs\/1ciclo\/wp-json\/wp\/v2\/posts\/2788\/revisions\/3006"}],"wp:attachment":[{"href":"https:\/\/cpcorella.educacion.navarra.es\/blogs\/1ciclo\/wp-json\/wp\/v2\/media?parent=2788"}],"wp:term":[{"taxonomy":"category","embeddable":true,"href":"https:\/\/cpcorella.educacion.navarra.es\/blogs\/1ciclo\/wp-json\/wp\/v2\/categories?post=2788"},{"taxonomy":"post_tag","embeddable":true,"href":"https:\/\/cpcorella.educacion.navarra.es\/blogs\/1ciclo\/wp-json\/wp\/v2\/tags?post=2788"}],"curies":[{"name":"wp","href":"https:\/\/api.w.org\/{rel}","templated":true}]}}