{"id":2754,"date":"2020-04-01T00:00:00","date_gmt":"2020-04-01T00:00:00","guid":{"rendered":"https:\/\/cpcorella.educacion.navarra.es\/blogs\/1ciclo\/?p=2754"},"modified":"2020-05-17T23:11:07","modified_gmt":"2020-05-17T23:11:07","slug":"dia-de-la-y-ll-x","status":"publish","type":"post","link":"https:\/\/cpcorella.educacion.navarra.es\/blogs\/1ciclo\/2020\/04\/01\/dia-de-la-y-ll-x\/","title":{"rendered":"D\u00cdA DE LA Y , LL , X."},"content":{"rendered":"<h3 style=\"text-align: center\"><strong><span style=\"color: #0000ff\">Hoy vamos a repasar palabras con LL, Y , X.<\/span><\/strong><\/h3>\n<ul>\n<li>Accediendo al <a href=\"http:\/\/edubook.vicensvives.com\/es\/inicio?rf=http%3A%2F%2Fedubook.vicensvives.com%2Fu%2F\"><span style=\"background-color: #ffff00\">LI<strong>BRO DIGITAL DE LENGUA<\/strong><\/span><\/a> , vamos a trabajar las p\u00e1ginas 142 y 143. Primero tenemos un<a href=\"https:\/\/www.lainformacion.com\/practicopedia\/como-saber-cuando-utilizar-la-y-y-la-ll\/6508564\/\"> v\u00eddeo<\/a> para saber cuando utilizamos&nbsp; Y y la LL.<\/li>\n<li>Ahora vamos a realizar las actividades 11, 12 y 13 en un folio o cuaderno. Recuerda que no hace falta copiar el enunciado, s\u00f3lo el n\u00famero de la actividad.<\/li>\n<li>Vamos a copiar el dictado en el cuaderno. Ya sab\u00e9is que tambi\u00e9n se puede escuchar. Si alguno quiere, puede volver a hacerlo escuch\u00e1ndolo o que se lo dicten los pap\u00e1s. As\u00ed comprobar\u00e1s si hay faltas de ortograf\u00eda o has estado atento.<\/li>\n<li>Ahora puedes pasarte por el gimnasio para realizar los ejercicios .&nbsp;<\/li>\n<li>Te dejamos tambi\u00e9n la <strong><a href=\"https:\/\/www.pinterest.es\/pin\/813955332629607605\/\"><span style=\"background-color: #ffff00\">Actividad online \u00bb La ballena llena\u00bb<\/span><\/a><\/strong> y otra <span style=\"background-color: #ffff00\"><strong><a style=\"background-color: #ffff00\" href=\"https:\/\/aprenderespanol.org\/gramatica\/ortografia-LL-Y.html\">ACTIVIDAD DE ORTOGRAF\u00cdA&nbsp;<\/a><\/strong><\/span><\/li>\n<\/ul>\n<p><iframe loading=\"lazy\" title=\"S\u00edlabas lla lle lli llo llu - El Mono S\u00edlabo - Videos Infantiles - Educaci\u00f3n para Ni\u00f1os #\" width=\"604\" height=\"340\" src=\"https:\/\/www.youtube.com\/embed\/ML1EsjCpops?feature=oembed\" frameborder=\"0\" allow=\"accelerometer; autoplay; encrypted-media; gyroscope; picture-in-picture\" allowfullscreen><\/iframe><\/p>\n<p><iframe loading=\"lazy\" title=\"S\u00edlabas ya ye yi yo yu - El Mono S\u00edlabo - Videos Infantiles - Educaci\u00f3n para Ni\u00f1os #\" width=\"604\" height=\"340\" src=\"https:\/\/www.youtube.com\/embed\/K-8kTkiYhYM?feature=oembed\" frameborder=\"0\" allow=\"accelerometer; autoplay; encrypted-media; gyroscope; picture-in-picture\" allowfullscreen><\/iframe><\/p>\n<p><iframe loading=\"lazy\" title=\"Silabas xa xe xi xo xu   El Mono Silabo   Videos Infantiles   Educacion para Ni\u00f1os\" width=\"604\" height=\"340\" src=\"https:\/\/www.youtube.com\/embed\/alyAA2xRuYk?feature=oembed\" frameborder=\"0\" allow=\"accelerometer; autoplay; encrypted-media; gyroscope; picture-in-picture\" allowfullscreen><\/iframe><\/p>\n<p><\/p>\n\n","protected":false},"excerpt":{"rendered":"<p>Hoy vamos a repasar palabras con LL, Y , X. Accediendo al LIBRO DIGITAL DE LENGUA , vamos a trabajar las p\u00e1ginas 142 y 143. Primero tenemos un v\u00eddeo para saber cuando utilizamos&nbsp; Y y la LL. Ahora vamos a realizar las actividades 11, 12 y 13 en un folio o cuaderno. Recuerda que no &hellip; <a href=\"https:\/\/cpcorella.educacion.navarra.es\/blogs\/1ciclo\/2020\/04\/01\/dia-de-la-y-ll-x\/\" class=\"more-link\">Seguir leyendo <span class=\"screen-reader-text\">D\u00cdA DE LA Y , LL , X.<\/span> <span class=\"meta-nav\">&rarr;<\/span><\/a><\/p>\n","protected":false},"author":17,"featured_media":0,"comment_status":"open","ping_status":"open","sticky":false,"template":"","format":"standard","meta":[],"categories":[50],"tags":[],"_links":{"self":[{"href":"https:\/\/cpcorella.educacion.navarra.es\/blogs\/1ciclo\/wp-json\/wp\/v2\/posts\/2754"}],"collection":[{"href":"https:\/\/cpcorella.educacion.navarra.es\/blogs\/1ciclo\/wp-json\/wp\/v2\/posts"}],"about":[{"href":"https:\/\/cpcorella.educacion.navarra.es\/blogs\/1ciclo\/wp-json\/wp\/v2\/types\/post"}],"author":[{"embeddable":true,"href":"https:\/\/cpcorella.educacion.navarra.es\/blogs\/1ciclo\/wp-json\/wp\/v2\/users\/17"}],"replies":[{"embeddable":true,"href":"https:\/\/cpcorella.educacion.navarra.es\/blogs\/1ciclo\/wp-json\/wp\/v2\/comments?post=2754"}],"version-history":[{"count":7,"href":"https:\/\/cpcorella.educacion.navarra.es\/blogs\/1ciclo\/wp-json\/wp\/v2\/posts\/2754\/revisions"}],"predecessor-version":[{"id":3143,"href":"https:\/\/cpcorella.educacion.navarra.es\/blogs\/1ciclo\/wp-json\/wp\/v2\/posts\/2754\/revisions\/3143"}],"wp:attachment":[{"href":"https:\/\/cpcorella.educacion.navarra.es\/blogs\/1ciclo\/wp-json\/wp\/v2\/media?parent=2754"}],"wp:term":[{"taxonomy":"category","embeddable":true,"href":"https:\/\/cpcorella.educacion.navarra.es\/blogs\/1ciclo\/wp-json\/wp\/v2\/categories?post=2754"},{"taxonomy":"post_tag","embeddable":true,"href":"https:\/\/cpcorella.educacion.navarra.es\/blogs\/1ciclo\/wp-json\/wp\/v2\/tags?post=2754"}],"curies":[{"name":"wp","href":"https:\/\/api.w.org\/{rel}","templated":true}]}}