{"id":2539,"date":"2020-03-20T09:42:45","date_gmt":"2020-03-20T09:42:45","guid":{"rendered":"https:\/\/cpcorella.educacion.navarra.es\/blogs\/1ciclo\/?p=2539"},"modified":"2020-03-20T09:52:13","modified_gmt":"2020-03-20T09:52:13","slug":"dia-6","status":"publish","type":"post","link":"https:\/\/cpcorella.educacion.navarra.es\/blogs\/1ciclo\/2020\/03\/20\/dia-6\/","title":{"rendered":"SEXTO D\u00cdA."},"content":{"rendered":"\n<table style=\"width: 100%\" width=\"971\">\n<tbody>\n<tr>\n<td style=\"width: 19.0397%\" width=\"170\">\n<p>\u00a0<\/p>\n<p><u>LENGUA<\/u><\/p>\n<p>\u00a0<\/p>\n<p>\u00a0<\/p>\n<\/td>\n<td style=\"width: 67.2185%\" width=\"478\">\n<p><strong>\u00a0<\/strong><\/p>\n<p>Leer p\u00e1gina 130. Hablamos sobre ciudades. Trabajar de forma oral con los padres de ciudades que han visitado.<\/p>\n<p><strong>\u00a0<\/strong><\/p>\n<p>\u00a0<\/p>\n<\/td>\n<td style=\"width: 13.5762%\" width=\"324\">\n<p>Hacer un peque\u00f1o mural de tama\u00f1o folio .<\/p>\n<p>Existe la posibilidad de traerlo a clase para explicarlo a sus compa\u00f1eros y compa\u00f1eras y as\u00ed hacer una peque\u00f1a exposici\u00f3n.\u00a0<\/p>\n<p>\u00a0<\/p>\n<\/td>\n<\/tr>\n<tr>\n<td style=\"width: 19.0397%\" width=\"170\">\n<p>\u00a0<\/p>\n<p><u>MATEM\u00c1TICAS<\/u><\/p>\n<p>\u00a0<\/p>\n<\/td>\n<td style=\"width: 67.2185%\" width=\"478\">\n<p>Ficha de simetr\u00eda.<\/p>\n<p><strong>\u00a0<\/strong><\/p>\n<p>-Repasar la tablas de multiplicar. Jugar en el ordenador o tablet al \u201cTanque matem\u00e1tico\u201d.<\/p>\n<\/td>\n<td style=\"width: 13.5762%\" width=\"324\">\n<p><a href=\"https:\/\/www.imageneseducativas.com\/actividad-para-repasar-las-tablas-de-multiplicar\/\">ACTIVIDADES PARA REPASAR LAS TABLAS : https:\/\/www.imageneseducativas.com\/actividad-para-repasar-las-tablas-de-multiplicar\/<\/a><\/p>\n<p>\u00a0<\/p>\n<\/td>\n<\/tr>\n<tr>\n<td style=\"width: 19.0397%\" width=\"170\">\n<p>\u00a0<\/p>\n<p><u>SOCIALES<\/u><\/p>\n<p>\u00a0<\/p>\n<\/td>\n<td style=\"width: 67.2185%\" width=\"478\">\n<p>\u00a0<\/p>\n<p>Hacer las actividades finales del tema . \u201cYa s\u00e9\u201d<\/p>\n<\/td>\n<td style=\"width: 13.5762%\" width=\"324\">\n<p>\u00a0<\/p>\n<\/td>\n<\/tr>\n<\/tbody>\n<\/table>\n","protected":false},"excerpt":{"rendered":"<p>\u00a0 LENGUA \u00a0 \u00a0 \u00a0 Leer p\u00e1gina 130. Hablamos sobre ciudades. Trabajar de forma oral con los padres de ciudades que han visitado. \u00a0 \u00a0 Hacer un peque\u00f1o mural de tama\u00f1o folio . Existe la posibilidad de traerlo a clase para explicarlo a sus compa\u00f1eros y compa\u00f1eras y as\u00ed hacer una peque\u00f1a exposici\u00f3n.\u00a0 \u00a0 \u00a0 &hellip; <a href=\"https:\/\/cpcorella.educacion.navarra.es\/blogs\/1ciclo\/2020\/03\/20\/dia-6\/\" class=\"more-link\">Seguir leyendo <span class=\"screen-reader-text\">SEXTO D\u00cdA.<\/span> <span class=\"meta-nav\">&rarr;<\/span><\/a><\/p>\n","protected":false},"author":17,"featured_media":0,"comment_status":"open","ping_status":"open","sticky":false,"template":"","format":"standard","meta":[],"categories":[50],"tags":[],"_links":{"self":[{"href":"https:\/\/cpcorella.educacion.navarra.es\/blogs\/1ciclo\/wp-json\/wp\/v2\/posts\/2539"}],"collection":[{"href":"https:\/\/cpcorella.educacion.navarra.es\/blogs\/1ciclo\/wp-json\/wp\/v2\/posts"}],"about":[{"href":"https:\/\/cpcorella.educacion.navarra.es\/blogs\/1ciclo\/wp-json\/wp\/v2\/types\/post"}],"author":[{"embeddable":true,"href":"https:\/\/cpcorella.educacion.navarra.es\/blogs\/1ciclo\/wp-json\/wp\/v2\/users\/17"}],"replies":[{"embeddable":true,"href":"https:\/\/cpcorella.educacion.navarra.es\/blogs\/1ciclo\/wp-json\/wp\/v2\/comments?post=2539"}],"version-history":[{"count":3,"href":"https:\/\/cpcorella.educacion.navarra.es\/blogs\/1ciclo\/wp-json\/wp\/v2\/posts\/2539\/revisions"}],"predecessor-version":[{"id":3003,"href":"https:\/\/cpcorella.educacion.navarra.es\/blogs\/1ciclo\/wp-json\/wp\/v2\/posts\/2539\/revisions\/3003"}],"wp:attachment":[{"href":"https:\/\/cpcorella.educacion.navarra.es\/blogs\/1ciclo\/wp-json\/wp\/v2\/media?parent=2539"}],"wp:term":[{"taxonomy":"category","embeddable":true,"href":"https:\/\/cpcorella.educacion.navarra.es\/blogs\/1ciclo\/wp-json\/wp\/v2\/categories?post=2539"},{"taxonomy":"post_tag","embeddable":true,"href":"https:\/\/cpcorella.educacion.navarra.es\/blogs\/1ciclo\/wp-json\/wp\/v2\/tags?post=2539"}],"curies":[{"name":"wp","href":"https:\/\/api.w.org\/{rel}","templated":true}]}}