{"id":2459,"date":"2020-03-18T19:22:44","date_gmt":"2020-03-18T19:22:44","guid":{"rendered":"https:\/\/cpcorella.educacion.navarra.es\/blogs\/1ciclo\/?p=2459"},"modified":"2020-03-30T10:45:11","modified_gmt":"2020-03-30T10:45:11","slug":"instrucciones-2o-curso","status":"publish","type":"post","link":"https:\/\/cpcorella.educacion.navarra.es\/blogs\/1ciclo\/2020\/03\/18\/instrucciones-2o-curso\/","title":{"rendered":"INSTRUCCIONES 2\u00ba CURSO."},"content":{"rendered":"\n<p><img loading=\"lazy\" class=\" wp-image-2463 alignleft\" src=\"https:\/\/cpcorella.educacion.navarra.es\/blogs\/1ciclo\/files\/2020\/03\/instrucciones.jpg\" alt=\"\" width=\"168\" height=\"197\" \/> Queridos alumnos. Queridas alumnas. Estimadas familias :\u00a0<\/p>\n<p>Nos tenemos que adaptar a esta nueva y an\u00f3mala situaci\u00f3n. Y para ello, el equipo docente de segundo curso de Educaci\u00f3n Primaria , del colegio CPEIP Ciudad de Corella, plantea organizar el trabajo desde casa, del siguiente modo :\u00a0<\/p>\n<ul>\n<li style=\"list-style-type: none\">\n<ul>\n<li>Por el momento , se aport\u00f3 material f\u00edsico ( fichas y libros ) para poder realizar desde el viernes por la tarde, los contenidos referidos al tema 8 de LENGUA Y MATEM\u00c1TICAS ;\u00a0 tema 4 de CIENCIAS SOCIALES , adem\u00e1s del libro y fichas de INGL\u00c9S.\u00a0<\/li>\n<li>Ser\u00e1 entonces, hasta el mi\u00e9rcoles D\u00cdA 25 DE MARZO, cuando estimamos que esos contenidos puedan estar trabajados.\u00a0<\/li>\n<li>Entendemos , en todo momento , que cada uno y cada una , lo har\u00e1 en funci\u00f3n de las posibilidades ( acceso a internet, dominio de los contenidos &#8230;) y que , nuestro OBJETIVO PRINCIPAL es establecer una DIN\u00c1MICA ESCOLAR lo m\u00e1s cercana y funcional, dentro de la situaci\u00f3n excepcional que todo el mundo est\u00e1 viviendo .\u00a0<\/li>\n<li>La propuesta de actividades por parte del equipo docente, se actualizar\u00e1 , comunicando a trav\u00e9s de este medio, el blog del centro u otros que se estimen oportunos, la informaci\u00f3n pertinente.\u00a0<\/li>\n<li>Adjuntamos una plantilla que puede imprimirse ( pauta 3 mm) para facilitar aquellas actividades que requieran expresi\u00f3n escrita.\u00a0<\/li>\n<\/ul>\n<\/li>\n<\/ul>\n<p><img loading=\"lazy\" class=\"aligncenter  wp-image-2465\" src=\"https:\/\/cpcorella.educacion.navarra.es\/blogs\/1ciclo\/files\/2020\/03\/doble-pauta-1-234x300.jpg\" alt=\"\" width=\"307\" height=\"394\" srcset=\"https:\/\/cpcorella.educacion.navarra.es\/blogs\/1ciclo\/files\/2020\/03\/doble-pauta-1-234x300.jpg 234w, https:\/\/cpcorella.educacion.navarra.es\/blogs\/1ciclo\/files\/2020\/03\/doble-pauta-1.jpg 236w\" sizes=\"(max-width: 307px) 100vw, 307px\" \/><\/p>\n","protected":false},"excerpt":{"rendered":"<p>Queridos alumnos. Queridas alumnas. Estimadas familias :\u00a0 Nos tenemos que adaptar a esta nueva y an\u00f3mala situaci\u00f3n. Y para ello, el equipo docente de segundo curso de Educaci\u00f3n Primaria , del colegio CPEIP Ciudad de Corella, plantea organizar el trabajo desde casa, del siguiente modo :\u00a0 Por el momento , se aport\u00f3 material f\u00edsico ( &hellip; <a href=\"https:\/\/cpcorella.educacion.navarra.es\/blogs\/1ciclo\/2020\/03\/18\/instrucciones-2o-curso\/\" class=\"more-link\">Seguir leyendo <span class=\"screen-reader-text\">INSTRUCCIONES 2\u00ba CURSO.<\/span> <span class=\"meta-nav\">&rarr;<\/span><\/a><\/p>\n","protected":false},"author":17,"featured_media":0,"comment_status":"open","ping_status":"open","sticky":false,"template":"","format":"standard","meta":[],"categories":[50],"tags":[],"_links":{"self":[{"href":"https:\/\/cpcorella.educacion.navarra.es\/blogs\/1ciclo\/wp-json\/wp\/v2\/posts\/2459"}],"collection":[{"href":"https:\/\/cpcorella.educacion.navarra.es\/blogs\/1ciclo\/wp-json\/wp\/v2\/posts"}],"about":[{"href":"https:\/\/cpcorella.educacion.navarra.es\/blogs\/1ciclo\/wp-json\/wp\/v2\/types\/post"}],"author":[{"embeddable":true,"href":"https:\/\/cpcorella.educacion.navarra.es\/blogs\/1ciclo\/wp-json\/wp\/v2\/users\/17"}],"replies":[{"embeddable":true,"href":"https:\/\/cpcorella.educacion.navarra.es\/blogs\/1ciclo\/wp-json\/wp\/v2\/comments?post=2459"}],"version-history":[{"count":2,"href":"https:\/\/cpcorella.educacion.navarra.es\/blogs\/1ciclo\/wp-json\/wp\/v2\/posts\/2459\/revisions"}],"predecessor-version":[{"id":2475,"href":"https:\/\/cpcorella.educacion.navarra.es\/blogs\/1ciclo\/wp-json\/wp\/v2\/posts\/2459\/revisions\/2475"}],"wp:attachment":[{"href":"https:\/\/cpcorella.educacion.navarra.es\/blogs\/1ciclo\/wp-json\/wp\/v2\/media?parent=2459"}],"wp:term":[{"taxonomy":"category","embeddable":true,"href":"https:\/\/cpcorella.educacion.navarra.es\/blogs\/1ciclo\/wp-json\/wp\/v2\/categories?post=2459"},{"taxonomy":"post_tag","embeddable":true,"href":"https:\/\/cpcorella.educacion.navarra.es\/blogs\/1ciclo\/wp-json\/wp\/v2\/tags?post=2459"}],"curies":[{"name":"wp","href":"https:\/\/api.w.org\/{rel}","templated":true}]}}