{"id":152,"date":"2009-12-08T21:24:14","date_gmt":"2009-12-08T21:24:14","guid":{"rendered":"http:\/\/pitagorines1.wordpress.com\/2009\/12\/08\/mapa-mundial-interactivo\/"},"modified":"2009-12-08T21:24:14","modified_gmt":"2009-12-08T21:24:14","slug":"mapa-mundial-interactivo","status":"publish","type":"post","link":"https:\/\/cpcorella.educacion.navarra.es\/blogs\/1ciclo\/2009\/12\/08\/mapa-mundial-interactivo\/","title":{"rendered":"MAPA MUNDIAL INTERACTIVO"},"content":{"rendered":"<div>\n<p style=\"text-align:center\">Aplicaci\u00f3n del Instituto Brasile\u00f1o de Geograf\u00eda y Estad\u00edstica<a href=\"http:\/\/www.ibge.gov.br\/paisesat\/main.php\" target=\"_blank\"><img loading=\"lazy\" class=\"aligncenter\" src=\"http:\/\/profeblog.es\/blog\/guillermo\/files\/2009\/06\/mapa-mundis.jpg\" alt=\"\" width=\"300\" height=\"139\" \/><\/a><\/p>\n<\/div>\n","protected":false},"excerpt":{"rendered":"<p>Aplicaci\u00f3n del Instituto Brasile\u00f1o de Geograf\u00eda y Estad\u00edstica<\/p>\n","protected":false},"author":6,"featured_media":0,"comment_status":"open","ping_status":"open","sticky":false,"template":"","format":"standard","meta":[],"categories":[18],"tags":[],"_links":{"self":[{"href":"https:\/\/cpcorella.educacion.navarra.es\/blogs\/1ciclo\/wp-json\/wp\/v2\/posts\/152"}],"collection":[{"href":"https:\/\/cpcorella.educacion.navarra.es\/blogs\/1ciclo\/wp-json\/wp\/v2\/posts"}],"about":[{"href":"https:\/\/cpcorella.educacion.navarra.es\/blogs\/1ciclo\/wp-json\/wp\/v2\/types\/post"}],"author":[{"embeddable":true,"href":"https:\/\/cpcorella.educacion.navarra.es\/blogs\/1ciclo\/wp-json\/wp\/v2\/users\/6"}],"replies":[{"embeddable":true,"href":"https:\/\/cpcorella.educacion.navarra.es\/blogs\/1ciclo\/wp-json\/wp\/v2\/comments?post=152"}],"version-history":[{"count":0,"href":"https:\/\/cpcorella.educacion.navarra.es\/blogs\/1ciclo\/wp-json\/wp\/v2\/posts\/152\/revisions"}],"wp:attachment":[{"href":"https:\/\/cpcorella.educacion.navarra.es\/blogs\/1ciclo\/wp-json\/wp\/v2\/media?parent=152"}],"wp:term":[{"taxonomy":"category","embeddable":true,"href":"https:\/\/cpcorella.educacion.navarra.es\/blogs\/1ciclo\/wp-json\/wp\/v2\/categories?post=152"},{"taxonomy":"post_tag","embeddable":true,"href":"https:\/\/cpcorella.educacion.navarra.es\/blogs\/1ciclo\/wp-json\/wp\/v2\/tags?post=152"}],"curies":[{"name":"wp","href":"https:\/\/api.w.org\/{rel}","templated":true}]}}