{"id":144,"date":"2009-12-08T20:28:14","date_gmt":"2009-12-08T20:28:14","guid":{"rendered":"http:\/\/pitagorines1.wordpress.com\/?p=144"},"modified":"2009-12-08T20:28:14","modified_gmt":"2009-12-08T20:28:14","slug":"ortografia-ideovisual","status":"publish","type":"post","link":"https:\/\/cpcorella.educacion.navarra.es\/blogs\/1ciclo\/2009\/12\/08\/ortografia-ideovisual\/","title":{"rendered":"ORTOGRAF\u00cdA IDEOVISUAL"},"content":{"rendered":"<div>\n<p>Ortograf\u00eda ideovisual es un recurso de editorial Yalde realizado por Manuel Sanju\u00e1n N\u00e1jera.\u00a0Son un conjunto de cuadernos que presentan los contenidos fundamentales de la ortograf\u00eda desde los 6\u00a0 hasta los 12 a\u00f1os.<\/p>\n<p style=\"text-align:center\"><a href=\"http:\/\/www.editorialyalde.com\/curso\/curso.html\" target=\"_blank\"><img loading=\"lazy\" class=\"aligncenter\" src=\"http:\/\/profeblog.es\/blog\/guillermo\/files\/2009\/04\/ortografia-ideovisual.jpg\" alt=\"\" width=\"300\" height=\"200\" \/><\/a><\/p>\n<\/div>\n","protected":false},"excerpt":{"rendered":"<p>Ortograf\u00eda ideovisual es un recurso de editorial Yalde realizado por Manuel Sanju\u00e1n N\u00e1jera.\u00a0Son un conjunto de cuadernos que presentan los contenidos fundamentales de la ortograf\u00eda desde los 6\u00a0 hasta los 12 a\u00f1os.<\/p>\n","protected":false},"author":6,"featured_media":0,"comment_status":"open","ping_status":"open","sticky":false,"template":"","format":"standard","meta":[],"categories":[11],"tags":[],"_links":{"self":[{"href":"https:\/\/cpcorella.educacion.navarra.es\/blogs\/1ciclo\/wp-json\/wp\/v2\/posts\/144"}],"collection":[{"href":"https:\/\/cpcorella.educacion.navarra.es\/blogs\/1ciclo\/wp-json\/wp\/v2\/posts"}],"about":[{"href":"https:\/\/cpcorella.educacion.navarra.es\/blogs\/1ciclo\/wp-json\/wp\/v2\/types\/post"}],"author":[{"embeddable":true,"href":"https:\/\/cpcorella.educacion.navarra.es\/blogs\/1ciclo\/wp-json\/wp\/v2\/users\/6"}],"replies":[{"embeddable":true,"href":"https:\/\/cpcorella.educacion.navarra.es\/blogs\/1ciclo\/wp-json\/wp\/v2\/comments?post=144"}],"version-history":[{"count":0,"href":"https:\/\/cpcorella.educacion.navarra.es\/blogs\/1ciclo\/wp-json\/wp\/v2\/posts\/144\/revisions"}],"wp:attachment":[{"href":"https:\/\/cpcorella.educacion.navarra.es\/blogs\/1ciclo\/wp-json\/wp\/v2\/media?parent=144"}],"wp:term":[{"taxonomy":"category","embeddable":true,"href":"https:\/\/cpcorella.educacion.navarra.es\/blogs\/1ciclo\/wp-json\/wp\/v2\/categories?post=144"},{"taxonomy":"post_tag","embeddable":true,"href":"https:\/\/cpcorella.educacion.navarra.es\/blogs\/1ciclo\/wp-json\/wp\/v2\/tags?post=144"}],"curies":[{"name":"wp","href":"https:\/\/api.w.org\/{rel}","templated":true}]}}